{"id":257182,"date":"2022-06-17T09:28:29","date_gmt":"2022-06-17T06:28:29","guid":{"rendered":"http:\/\/107.6.182.27\/tr\/?p=257182"},"modified":"2022-06-19T08:28:32","modified_gmt":"2022-06-19T05:28:32","slug":"sabbag-teror-savasi-ve-turk-ve-amerikan-isgali-suriyedeki-engellilerin-sayisini-artirdi","status":"publish","type":"post","link":"https:\/\/archive.sana.sy\/tr\/?p=257182","title":{"rendered":"Sabba\u011f: Ter\u00f6r sava\u015f\u0131 ve T\u00fcrk ve Amerikan \u0130\u015fgali Suriye&#8217;deki Engellilerin Say\u0131s\u0131n\u0131 Art\u0131rd\u0131"},"content":{"rendered":"<p>NEW YORK \u2013 Suriye&#8217;nin Birle\u015fmi\u015f Milletler Daimi Temsilcisi B\u00fcy\u00fckel\u00e7i Bessam Sabba\u011f, Suriye&#8217;ye kar\u015f\u0131 y\u00fcr\u00fct\u00fclen sava\u015f ve T\u00fcrk ve Amerikan g\u00fc\u00e7lerinin sald\u0131rganl\u0131klar\u0131n\u0131n engellilerin say\u0131s\u0131nda art\u0131\u015fa yol a\u00e7t\u0131\u011f\u0131n\u0131 belirtti.<\/p>\n<p>Sabba\u011f, &#8220;Engellilerin Haklar\u0131na \u0130li\u015fkin S\u00f6zle\u015fmeye Taraf Devletler Konferans\u0131&#8217;n\u0131n 15. oturumundaki genel tart\u0131\u015fmada&#8221;, Suriye&#8217;de ya\u015fanan ter\u00f6r sava\u015f\u0131n\u0131n buradaki engellilerin durumunu derinden etkiledi\u011fini, T\u00fcrk ve Amerikan i\u015fgal g\u00fc\u00e7lerinin as\u0131ls\u0131z gerek\u00e7elerle ba\u015flatt\u0131\u011f\u0131 sald\u0131rganl\u0131k eylemlerinin kazan\u0131lm\u0131\u015f ve bile\u015fik sakatl\u0131klarda art\u0131\u015fa yol a\u00e7t\u0131\u011f\u0131n\u0131 belirtti.<\/p>\n<p>Sabba\u011f, Bat\u0131l\u0131 \u00fclkelerin Suriye&#8217;ye uygulad\u0131\u011f\u0131 tek tarafl\u0131 zorlay\u0131c\u0131 tedbirlerin engellilerin ac\u0131lar\u0131n\u0131 daha da art\u0131rd\u0131\u011f\u0131n\u0131 ve onlara verilen hizmetlerin kalitesinde d\u00fc\u015f\u00fc\u015fe yol a\u00e7t\u0131\u011f\u0131n\u0131 vurgulad\u0131.<\/p>\n<p>Sabba\u011f, Bat\u0131l\u0131 \u00fclkelerin Suriye&#8217;ye dayatt\u0131\u011f\u0131 tek tarafl\u0131 zorlay\u0131c\u0131 tedbirlerin Suriye devletinin e\u011fitim ve rehabilitasyon hizmetleri sa\u011flama kabiliyetini s\u0131n\u0131rland\u0131rd\u0131\u011f\u0131n\u0131 ve ayr\u0131ca protez, tekerlekli sandalye ve t\u0131bbi ekipman gibi temel malzemelere eri\u015fimi k\u0131s\u0131tlayarak ac\u0131lar\u0131n\u0131 a\u011f\u0131rla\u015ft\u0131rd\u0131\u011f\u0131na i\u015faret etti.<\/p>\n<p>Sabba\u011f, Suriye&#8217;nin engellileri destekleme alan\u0131nda uluslararas\u0131 kurulu\u015flar ve onlar\u0131n uzman kurulu\u015flar\u0131yla i\u015fbirli\u011fi yapt\u0131\u011f\u0131n\u0131 vurgulayarak, ba\u011f\u0131ms\u0131z ya\u015famalar\u0131n\u0131 ve ya\u015fam\u0131n ve geli\u015fimin t\u00fcm y\u00f6nlerine tam olarak kat\u0131lmalar\u0131n\u0131 sa\u011flama \u00e7abalar\u0131n\u0131 desteklemeye \u00e7a\u011fr\u0131da bulundu.<\/p>\n<p>&nbsp;<\/p>\n","protected":false},"excerpt":{"rendered":"<p>NEW YORK \u2013 Suriye&#8217;nin Birle\u015fmi\u015f Milletler Daimi Temsilcisi B\u00fcy\u00fckel\u00e7i Bessam Sabba\u011f, Suriye&#8217;ye kar\u015f\u0131 y\u00fcr\u00fct\u00fclen sava\u015f ve T\u00fcrk ve Amerikan g\u00fc\u00e7lerinin sald\u0131rganl\u0131klar\u0131n\u0131n engellilerin say\u0131s\u0131nda art\u0131\u015fa yol a\u00e7t\u0131\u011f\u0131n\u0131 belirtti. Sabba\u011f, &#8220;Engellilerin Haklar\u0131na \u0130li\u015fkin S\u00f6zle\u015fmeye Taraf Devletler Konferans\u0131&#8217;n\u0131n 15. oturumundaki genel tart\u0131\u015fmada&#8221;, Suriye&#8217;de ya\u015fanan ter\u00f6r sava\u015f\u0131n\u0131n buradaki engellilerin durumunu derinden etkiledi\u011fini, T\u00fcrk ve Amerikan i\u015fgal g\u00fc\u00e7lerinin as\u0131ls\u0131z gerek\u00e7elerle &hellip;<\/p>\n","protected":false},"author":36,"featured_media":257183,"comment_status":"closed","ping_status":"closed","sticky":false,"template":"","format":"standard","meta":{"footnotes":""},"categories":[458,459,17988],"tags":[],"class_list":["post-257182","post","type-post","status-publish","format-standard","has-post-thumbnail","","category-dunya1","category-haberler-arap-uluslararasi-politika","category-son-haberler"],"_links":{"self":[{"href":"https:\/\/archive.sana.sy\/tr\/index.php?rest_route=\/wp\/v2\/posts\/257182","targetHints":{"allow":["GET"]}}],"collection":[{"href":"https:\/\/archive.sana.sy\/tr\/index.php?rest_route=\/wp\/v2\/posts"}],"about":[{"href":"https:\/\/archive.sana.sy\/tr\/index.php?rest_route=\/wp\/v2\/types\/post"}],"author":[{"embeddable":true,"href":"https:\/\/archive.sana.sy\/tr\/index.php?rest_route=\/wp\/v2\/users\/36"}],"replies":[{"embeddable":true,"href":"https:\/\/archive.sana.sy\/tr\/index.php?rest_route=%2Fwp%2Fv2%2Fcomments&post=257182"}],"version-history":[{"count":0,"href":"https:\/\/archive.sana.sy\/tr\/index.php?rest_route=\/wp\/v2\/posts\/257182\/revisions"}],"wp:featuredmedia":[{"embeddable":true,"href":"https:\/\/archive.sana.sy\/tr\/index.php?rest_route=\/wp\/v2\/media\/257183"}],"wp:attachment":[{"href":"https:\/\/archive.sana.sy\/tr\/index.php?rest_route=%2Fwp%2Fv2%2Fmedia&parent=257182"}],"wp:term":[{"taxonomy":"category","embeddable":true,"href":"https:\/\/archive.sana.sy\/tr\/index.php?rest_route=%2Fwp%2Fv2%2Fcategories&post=257182"},{"taxonomy":"post_tag","embeddable":true,"href":"https:\/\/archive.sana.sy\/tr\/index.php?rest_route=%2Fwp%2Fv2%2Ftags&post=257182"}],"curies":[{"name":"wp","href":"https:\/\/api.w.org\/{rel}","templated":true}]}}