{"id":257231,"date":"2022-06-18T12:22:57","date_gmt":"2022-06-18T09:22:57","guid":{"rendered":"http:\/\/107.6.182.27\/tr\/?p=257231"},"modified":"2022-06-19T11:20:30","modified_gmt":"2022-06-19T08:20:30","slug":"amerikan-isgali-calinti-suriye-bugdayi-tasiyan-yeni-bir-konvoyu-iraka-cikardi-4","status":"publish","type":"post","link":"https:\/\/archive.sana.sy\/tr\/?p=257231","title":{"rendered":"Amerikan \u0130\u015fgali \u00c7al\u0131nt\u0131 Suriye Bu\u011fday\u0131 Ta\u015f\u0131yan Yeni Bir Konvoyu Irak\u2019a \u00c7\u0131kard\u0131"},"content":{"rendered":"<p>HASEKE \u2013 Amerikan i\u015fgalci ve ona ba\u011fl\u0131 \u201cDSG\u201d milislerinin Suriye vatanda\u015flar\u0131n\u0131n hak, mal ve servetlerinin ihlalleri ba\u011flam\u0131nda, i\u015fgal g\u00fc\u00e7leri bug\u00fcn \u00e7al\u0131nt\u0131 Suriye bu\u011fday\u0131 y\u00fckl\u00fc bir konvoyu yasad\u0131\u015f\u0131 ge\u00e7idlerden Irak topraklar\u0131na do\u011fru \u00e7\u0131kard\u0131.<\/p>\n<p>Yerel kaynaklar SANA muhabirine yapt\u0131\u011f\u0131 a\u00e7\u0131klamada, &#8220;\u00c7al\u0131nt\u0131 Suriye bu\u011fday\u0131 y\u00fckl\u00fc 40 kamyondan olu\u015fan ve Amerikan i\u015fgal g\u00fc\u00e7lerine tabi bir konvoyu, Haseke Valili\u011fi&#8217;nin kuzeydo\u011fusundaki Yarubiye k\u0131rsal\u0131ndaki yasad\u0131\u015f\u0131 El Velid ge\u00e7idinden Irak topraklar\u0131na do\u011fru \u00e7\u0131kard\u0131&#8221; dedi.<\/p>\n<p>Ayn\u0131 ba\u011flamda kaynaklar, Amerikan i\u015fgal g\u00fc\u00e7lerinin, hasarl\u0131 askeri ara\u00e7larla dolu bir konvoyu da yasad\u0131\u015f\u0131 El Velid ge\u00e7idi \u00fczerinden Irak topraklar\u0131na \u00e7\u0131kard\u0131\u011f\u0131n\u0131 belirtti.<\/p>\n<p>Kaynaklara g\u00f6re, konvoyda, Amerikan i\u015fgal g\u00fc\u00e7lerine ait hasarl\u0131 askeri z\u0131rhl\u0131 ara\u00e7larla y\u00fckl\u00fc 8 tanker, 9 termoking, elektrik jenerat\u00f6r\u00fc y\u00fckl\u00fc 4 tanker, 7 ta\u015f\u0131y\u0131c\u0131 ve 8 askeri z\u0131rhl\u0131 ara\u00e7 olmak \u00fczere 36 ara\u00e7 bulundu\u011funa i\u015faret etti.<\/p>\n<p>Kaynaklar, &#8220;Konvoyun Kam\u0131\u015fl\u0131 k\u0131rsal\u0131n\u0131n g\u00fcneyinde Tel Hamis semtinden petrol yolu \u00fczerinden, Tel Adas k\u00f6y\u00fcn\u00fcn kav\u015fa\u011f\u0131n\u0131n yak\u0131n\u0131ndaki karayoldan yasad\u0131\u015f\u0131 El Velid kap\u0131s\u0131na do\u011fru geldi\u011fini&#8221; eklediler.<\/p>\n<p><span style=\"color: #0000ff;\">#Telegram_Kanal\u0131m\u0131z: https:\/\/t.me\/SuriyeArapHaberAjans<\/span><\/p>\n","protected":false},"excerpt":{"rendered":"<p>HASEKE \u2013 Amerikan i\u015fgalci ve ona ba\u011fl\u0131 \u201cDSG\u201d milislerinin Suriye vatanda\u015flar\u0131n\u0131n hak, mal ve servetlerinin ihlalleri ba\u011flam\u0131nda, i\u015fgal g\u00fc\u00e7leri bug\u00fcn \u00e7al\u0131nt\u0131 Suriye bu\u011fday\u0131 y\u00fckl\u00fc bir konvoyu yasad\u0131\u015f\u0131 ge\u00e7idlerden Irak topraklar\u0131na do\u011fru \u00e7\u0131kard\u0131. Yerel kaynaklar SANA muhabirine yapt\u0131\u011f\u0131 a\u00e7\u0131klamada, &#8220;\u00c7al\u0131nt\u0131 Suriye bu\u011fday\u0131 y\u00fckl\u00fc 40 kamyondan olu\u015fan ve Amerikan i\u015fgal g\u00fc\u00e7lerine tabi bir konvoyu, Haseke Valili\u011fi&#8217;nin kuzeydo\u011fusundaki &hellip;<\/p>\n","protected":false},"author":36,"featured_media":257232,"comment_status":"closed","ping_status":"closed","sticky":false,"template":"","format":"standard","meta":{"footnotes":""},"categories":[479,575,17988,478],"tags":[],"class_list":["post-257231","post","type-post","status-publish","format-standard","has-post-thumbnail","","category-haberler-yerel","category-olaylar-ve-gercekler","category-son-haberler","category-yerel"],"_links":{"self":[{"href":"https:\/\/archive.sana.sy\/tr\/index.php?rest_route=\/wp\/v2\/posts\/257231","targetHints":{"allow":["GET"]}}],"collection":[{"href":"https:\/\/archive.sana.sy\/tr\/index.php?rest_route=\/wp\/v2\/posts"}],"about":[{"href":"https:\/\/archive.sana.sy\/tr\/index.php?rest_route=\/wp\/v2\/types\/post"}],"author":[{"embeddable":true,"href":"https:\/\/archive.sana.sy\/tr\/index.php?rest_route=\/wp\/v2\/users\/36"}],"replies":[{"embeddable":true,"href":"https:\/\/archive.sana.sy\/tr\/index.php?rest_route=%2Fwp%2Fv2%2Fcomments&post=257231"}],"version-history":[{"count":0,"href":"https:\/\/archive.sana.sy\/tr\/index.php?rest_route=\/wp\/v2\/posts\/257231\/revisions"}],"wp:featuredmedia":[{"embeddable":true,"href":"https:\/\/archive.sana.sy\/tr\/index.php?rest_route=\/wp\/v2\/media\/257232"}],"wp:attachment":[{"href":"https:\/\/archive.sana.sy\/tr\/index.php?rest_route=%2Fwp%2Fv2%2Fmedia&parent=257231"}],"wp:term":[{"taxonomy":"category","embeddable":true,"href":"https:\/\/archive.sana.sy\/tr\/index.php?rest_route=%2Fwp%2Fv2%2Fcategories&post=257231"},{"taxonomy":"post_tag","embeddable":true,"href":"https:\/\/archive.sana.sy\/tr\/index.php?rest_route=%2Fwp%2Fv2%2Ftags&post=257231"}],"curies":[{"name":"wp","href":"https:\/\/api.w.org\/{rel}","templated":true}]}}