{"id":257254,"date":"2022-06-18T22:45:14","date_gmt":"2022-06-18T19:45:14","guid":{"rendered":"http:\/\/107.6.182.27\/tr\/?p=257254"},"modified":"2022-06-20T08:14:23","modified_gmt":"2022-06-20T05:14:23","slug":"halepte-turk-isgalinin-kiraliklari-arasinda-kanli-catismalar","status":"publish","type":"post","link":"https:\/\/archive.sana.sy\/tr\/?p=257254","title":{"rendered":"Halep&#8217;te T\u00fcrk \u0130\u015fgalinin Kiral\u0131klar\u0131 Aras\u0131nda Kanl\u0131 \u00c7at\u0131\u015fmalar"},"content":{"rendered":"<p>HALEP \u2013 Halep k\u0131rsal\u0131n\u0131n do\u011fusuna \u00a0ba\u011fl\u0131 Abla k\u00f6y\u00fcnde, b\u00f6lgede halen devam eden ve \u00e7ok say\u0131da sivilin de yaralanmas\u0131na neden olan gerilimin devam etti\u011fi b\u00f6lgede \u00e7\u0131kan \u00e7at\u0131\u015fmada \u00e7ok say\u0131da ter\u00f6rist \u00f6ld\u00fcr\u00fcld\u00fc ve yaraland\u0131. .<\/p>\n<p>SANA muhabirine konu\u015fan yerel kaynaklar, Halep k\u0131rsal\u0131n\u0131n do\u011fusunda yer alan Abla k\u00f6y\u00fcnde, &#8220;\u00dc\u00e7\u00fcnc\u00fc Kolordu&#8221; denilen \u00f6rg\u00fcte ba\u011fl\u0131 ter\u00f6ristler ile &#8220;Ahrar El \u015eam&#8221; ter\u00f6r \u00f6rg\u00fct\u00fcne ba\u011fl\u0131 s\u00f6zde &#8220;32. T\u00fcmen&#8221;e ba\u011fl\u0131 ter\u00f6ristler aras\u0131nda \u015fiddetli \u00e7at\u0131\u015fmalar ya\u015fand\u0131\u011f\u0131n\u0131 belirtti.<\/p>\n<p>Kaynaklar, ter\u00f6ristlerin \u00e7e\u015fitli tipte hafif ve orta silahlar kulland\u0131\u011f\u0131n\u0131 belirtirken, bunun sivil kay\u0131plar\u0131n yan\u0131 s\u0131ra her iki taraftan da \u00e7ok say\u0131da ki\u015finin \u00f6l\u00fcm\u00fcne ve yaralanmas\u0131na neden oldu\u011funa i\u015faret etti.<\/p>\n<p><span style=\"color: #0000ff;\">#Telegram_Kanal\u0131m\u0131z: https:\/\/t.me\/SuriyeArapHaberAjans<\/span><\/p>\n","protected":false},"excerpt":{"rendered":"<p>HALEP \u2013 Halep k\u0131rsal\u0131n\u0131n do\u011fusuna \u00a0ba\u011fl\u0131 Abla k\u00f6y\u00fcnde, b\u00f6lgede halen devam eden ve \u00e7ok say\u0131da sivilin de yaralanmas\u0131na neden olan gerilimin devam etti\u011fi b\u00f6lgede \u00e7\u0131kan \u00e7at\u0131\u015fmada \u00e7ok say\u0131da ter\u00f6rist \u00f6ld\u00fcr\u00fcld\u00fc ve yaraland\u0131. . SANA muhabirine konu\u015fan yerel kaynaklar, Halep k\u0131rsal\u0131n\u0131n do\u011fusunda yer alan Abla k\u00f6y\u00fcnde, &#8220;\u00dc\u00e7\u00fcnc\u00fc Kolordu&#8221; denilen \u00f6rg\u00fcte ba\u011fl\u0131 ter\u00f6ristler ile &#8220;Ahrar El \u015eam&#8221; &hellip;<\/p>\n","protected":false},"author":36,"featured_media":257255,"comment_status":"closed","ping_status":"closed","sticky":false,"template":"","format":"standard","meta":{"footnotes":""},"categories":[479,575,17988,478],"tags":[],"class_list":["post-257254","post","type-post","status-publish","format-standard","has-post-thumbnail","","category-haberler-yerel","category-olaylar-ve-gercekler","category-son-haberler","category-yerel"],"_links":{"self":[{"href":"https:\/\/archive.sana.sy\/tr\/index.php?rest_route=\/wp\/v2\/posts\/257254","targetHints":{"allow":["GET"]}}],"collection":[{"href":"https:\/\/archive.sana.sy\/tr\/index.php?rest_route=\/wp\/v2\/posts"}],"about":[{"href":"https:\/\/archive.sana.sy\/tr\/index.php?rest_route=\/wp\/v2\/types\/post"}],"author":[{"embeddable":true,"href":"https:\/\/archive.sana.sy\/tr\/index.php?rest_route=\/wp\/v2\/users\/36"}],"replies":[{"embeddable":true,"href":"https:\/\/archive.sana.sy\/tr\/index.php?rest_route=%2Fwp%2Fv2%2Fcomments&post=257254"}],"version-history":[{"count":0,"href":"https:\/\/archive.sana.sy\/tr\/index.php?rest_route=\/wp\/v2\/posts\/257254\/revisions"}],"wp:featuredmedia":[{"embeddable":true,"href":"https:\/\/archive.sana.sy\/tr\/index.php?rest_route=\/wp\/v2\/media\/257255"}],"wp:attachment":[{"href":"https:\/\/archive.sana.sy\/tr\/index.php?rest_route=%2Fwp%2Fv2%2Fmedia&parent=257254"}],"wp:term":[{"taxonomy":"category","embeddable":true,"href":"https:\/\/archive.sana.sy\/tr\/index.php?rest_route=%2Fwp%2Fv2%2Fcategories&post=257254"},{"taxonomy":"post_tag","embeddable":true,"href":"https:\/\/archive.sana.sy\/tr\/index.php?rest_route=%2Fwp%2Fv2%2Ftags&post=257254"}],"curies":[{"name":"wp","href":"https:\/\/api.w.org\/{rel}","templated":true}]}}