{"id":257263,"date":"2022-06-18T22:22:45","date_gmt":"2022-06-18T19:22:45","guid":{"rendered":"http:\/\/107.6.182.27\/tr\/?p=257263"},"modified":"2022-06-20T08:14:11","modified_gmt":"2022-06-20T05:14:11","slug":"suriye-bm-kuruluslariyla-stratejik-cerceve-belgesi-imzaladi","status":"publish","type":"post","link":"https:\/\/archive.sana.sy\/tr\/?p=257263","title":{"rendered":"Suriye BM Kurulu\u015flar\u0131yla Stratejik \u00c7er\u00e7eve Belgesi \u0130mzalad\u0131"},"content":{"rendered":"<p>\u015eAM &#8211; Suriye, 2022-2024 y\u0131llar\u0131 i\u00e7in Birle\u015fmi\u015f Milletler kurulu\u015flar\u0131 ile stratejik \u00e7er\u00e7eve belgesini imzalad\u0131.<\/p>\n<p>Belge, Planlama ve Uluslararas\u0131 \u0130\u015fbirli\u011fi Kurumu Ba\u015fkan\u0131 Dr. Fadi Salti Al Halil ve BM ad\u0131na, Suriye&#8217;de ikamet etmekte olan BM \u00c7al\u0131\u015fmalar\u0131 Koordinat\u00f6r\u00fc Dr. Umran R\u0131da taraf\u0131ndan imzaland\u0131. Bug\u00fcn resmi Facebook sayfas\u0131nda yay\u0131nlanana g\u00f6re, D\u0131\u015fi\u015fleri ve Gurbet\u00e7iler Bakan Yard\u0131mc\u0131s\u0131 Be\u015f\u015far El Caferi ve ilgili makamlar\u0131n ve Suriye&#8217;de faaliyet g\u00f6steren Birle\u015fmi\u015f Milletler kurulu\u015flar\u0131n\u0131n bir dizi temsilcisinin huzurunda imzaland\u0131.<\/p>\n<p>Kurum binas\u0131nda belgenin imzalanmas\u0131 s\u0131ras\u0131nda Dr. Al Halil, Suriye&#8217;nin Birle\u015fmi\u015f Milletler taraf\u0131ndan belirlenen s\u00fcrd\u00fcr\u00fclebilir kalk\u0131nma plan\u0131n\u0131n, 2030 Ulusal Kalk\u0131nma Stratejisi&#8217;ni olu\u015fturan sava\u015f sonras\u0131 Suriye Ulusal Kalk\u0131nma Program\u0131&#8217;n\u0131n hedefleri ile Suriye&#8217;nin hedefleri aras\u0131nda tutarl\u0131l\u0131\u011f\u0131n sa\u011flanmas\u0131 gerekti\u011fini vurgulad\u0131.<\/p>\n<p>Dr. Al Halil, s\u00fcrd\u00fcr\u00fclebilir iyile\u015fmeyi sa\u011flamak i\u00e7in kalk\u0131nma \u00e7al\u0131\u015fmalar\u0131na ek olarak yard\u0131m \u00e7al\u0131\u015fmalar\u0131n\u0131n s\u00fcrd\u00fcr\u00fclmesinin ve insani yard\u0131m sa\u011flanmas\u0131n\u0131n \u00f6nemine dikkat \u00e7ekerek, belgenin imzalanmas\u0131n\u0131n h\u00fck\u00fcmet taraf\u0131ndan belirlenen hedeflere ula\u015fmaya ve Suriye halk\u0131n\u0131n ya\u015fam ve kalk\u0131nma isteklerini g\u00fcvence alt\u0131na almaya y\u00f6nelik ciddi \u00e7al\u0131\u015fmalar\u0131n ba\u015flang\u0131c\u0131n\u0131 olu\u015fturdu\u011funu a\u00e7\u0131klad\u0131.<\/p>\n<p><span style=\"color: #0000ff;\">#Telegram_Kanal\u0131m\u0131z: https:\/\/t.me\/SuriyeArapHaberAjans<\/span><\/p>\n","protected":false},"excerpt":{"rendered":"<p>\u015eAM &#8211; Suriye, 2022-2024 y\u0131llar\u0131 i\u00e7in Birle\u015fmi\u015f Milletler kurulu\u015flar\u0131 ile stratejik \u00e7er\u00e7eve belgesini imzalad\u0131. Belge, Planlama ve Uluslararas\u0131 \u0130\u015fbirli\u011fi Kurumu Ba\u015fkan\u0131 Dr. Fadi Salti Al Halil ve BM ad\u0131na, Suriye&#8217;de ikamet etmekte olan BM \u00c7al\u0131\u015fmalar\u0131 Koordinat\u00f6r\u00fc Dr. Umran R\u0131da taraf\u0131ndan imzaland\u0131. Bug\u00fcn resmi Facebook sayfas\u0131nda yay\u0131nlanana g\u00f6re, D\u0131\u015fi\u015fleri ve Gurbet\u00e7iler Bakan Yard\u0131mc\u0131s\u0131 Be\u015f\u015far El Caferi &hellip;<\/p>\n","protected":false},"author":1,"featured_media":257264,"comment_status":"closed","ping_status":"closed","sticky":false,"template":"","format":"standard","meta":{"footnotes":""},"categories":[479,17988,478],"tags":[],"class_list":["post-257263","post","type-post","status-publish","format-standard","has-post-thumbnail","","category-haberler-yerel","category-son-haberler","category-yerel"],"_links":{"self":[{"href":"https:\/\/archive.sana.sy\/tr\/index.php?rest_route=\/wp\/v2\/posts\/257263","targetHints":{"allow":["GET"]}}],"collection":[{"href":"https:\/\/archive.sana.sy\/tr\/index.php?rest_route=\/wp\/v2\/posts"}],"about":[{"href":"https:\/\/archive.sana.sy\/tr\/index.php?rest_route=\/wp\/v2\/types\/post"}],"author":[{"embeddable":true,"href":"https:\/\/archive.sana.sy\/tr\/index.php?rest_route=\/wp\/v2\/users\/1"}],"replies":[{"embeddable":true,"href":"https:\/\/archive.sana.sy\/tr\/index.php?rest_route=%2Fwp%2Fv2%2Fcomments&post=257263"}],"version-history":[{"count":0,"href":"https:\/\/archive.sana.sy\/tr\/index.php?rest_route=\/wp\/v2\/posts\/257263\/revisions"}],"wp:featuredmedia":[{"embeddable":true,"href":"https:\/\/archive.sana.sy\/tr\/index.php?rest_route=\/wp\/v2\/media\/257264"}],"wp:attachment":[{"href":"https:\/\/archive.sana.sy\/tr\/index.php?rest_route=%2Fwp%2Fv2%2Fmedia&parent=257263"}],"wp:term":[{"taxonomy":"category","embeddable":true,"href":"https:\/\/archive.sana.sy\/tr\/index.php?rest_route=%2Fwp%2Fv2%2Fcategories&post=257263"},{"taxonomy":"post_tag","embeddable":true,"href":"https:\/\/archive.sana.sy\/tr\/index.php?rest_route=%2Fwp%2Fv2%2Ftags&post=257263"}],"curies":[{"name":"wp","href":"https:\/\/api.w.org\/{rel}","templated":true}]}}