{"id":257299,"date":"2022-06-18T23:17:59","date_gmt":"2022-06-18T20:17:59","guid":{"rendered":"http:\/\/107.6.182.27\/tr\/?p=257299"},"modified":"2022-06-20T08:14:28","modified_gmt":"2022-06-20T05:14:28","slug":"filistinli-heyetin-golani-ziyareti-sirasinda-siyonist-isgalciye-karsi-zafer-kacinilmazdir","status":"publish","type":"post","link":"https:\/\/archive.sana.sy\/tr\/?p=257299","title":{"rendered":"Filistinli Heyetin Golan&#8217;\u0131 Ziyareti S\u0131ras\u0131nda: Siyonist \u0130\u015fgalciye Kar\u015f\u0131 Zafer Ka\u00e7\u0131n\u0131lmazd\u0131r"},"content":{"rendered":"<p>\u0130\u015eGAL ED\u0130LEN SUR\u0130YEL\u0130 GOLAN &#8211; 1948&#8217;de i\u015fgal edilen Filistin topraklar\u0131ndan bir heyet, Suriye ve Filistin halklar\u0131 aras\u0131ndaki ileti\u015fim \u00e7er\u00e7evesinde, i\u015fgal edilen Suriyeli Golan&#8217;\u0131 ziyaret ederek, Siyonist i\u015fgalciye kar\u015f\u0131 zaferin ka\u00e7\u0131n\u0131lmazl\u0131\u011f\u0131na ve Golan da dahil olmak \u00fczere i\u015fgal alt\u0131ndaki topraklar\u0131n kurtar\u0131lmas\u0131na olan g\u00fcvenini dile getirdi.<\/p>\n<p><img loading=\"lazy\" decoding=\"async\" class=\"size-medium wp-image-257300 alignright\" src=\"http:\/\/107.6.182.27\/tr\/wp-content\/uploads\/2022\/06\/11-5-300x169.jpg\" alt=\"\" width=\"300\" height=\"169\" srcset=\"https:\/\/archive.sana.sy\/tr\/wp-content\/uploads\/2022\/06\/11-5-300x169.jpg 300w, https:\/\/archive.sana.sy\/tr\/wp-content\/uploads\/2022\/06\/11-5-150x85.jpg 150w, https:\/\/archive.sana.sy\/tr\/wp-content\/uploads\/2022\/06\/11-5.jpg 660w\" sizes=\"auto, (max-width: 300px) 100vw, 300px\" \/>Filistinli &#8220;Mavt\u0131ni&#8221; grubunu temsil eden heyete, Bek&#8217;aata k\u00f6y\u00fcnden Birkat Ram ve g\u00f6\u00e7 ettirilmi\u015f Cuveyze K\u00f6y\u00fcnden Ayn el Tine mevkiine do\u011fru ba\u015flayan ziyarette, 1967&#8217;deki i\u015fgalinden bu yana Siyonist i\u015fgalin kendilerine kar\u015f\u0131 uygulamalar\u0131n\u0131n bir sonucu olarak Golan halk\u0131n\u0131n \u00e7ekti\u011fi ac\u0131lar hakk\u0131nda bilgi verildi.<\/p>\n<p>Heyet ayr\u0131ca Ayn K\u0131nye K\u00f6y\u00fc ve Kilisesi ile Yusuf Munzir&#8217;in evini de ziyaret ederek, heyete k\u00f6y\u00fcn tarihini ve i\u015fgal alt\u0131ndaki Golan halk\u0131n\u0131n Siyonist i\u015fgali kar\u015f\u0131s\u0131ndaki m\u00fccadelesini, Suriye ve Filistin halk\u0131 aras\u0131ndaki yol ve kader birlik ve beraberli\u011fi anlat\u0131ld\u0131, i\u015fgalcilere kar\u015f\u0131 zaferin ka\u00e7\u0131n\u0131lmaz oldu\u011fu vurguland\u0131.<\/p>\n<p><span style=\"color: #0000ff;\">#Telegram_Kanal\u0131m\u0131z: https:\/\/t.me\/SuriyeArapHaberAjans<\/span><\/p>\n","protected":false},"excerpt":{"rendered":"<p>\u0130\u015eGAL ED\u0130LEN SUR\u0130YEL\u0130 GOLAN &#8211; 1948&#8217;de i\u015fgal edilen Filistin topraklar\u0131ndan bir heyet, Suriye ve Filistin halklar\u0131 aras\u0131ndaki ileti\u015fim \u00e7er\u00e7evesinde, i\u015fgal edilen Suriyeli Golan&#8217;\u0131 ziyaret ederek, Siyonist i\u015fgalciye kar\u015f\u0131 zaferin ka\u00e7\u0131n\u0131lmazl\u0131\u011f\u0131na ve Golan da dahil olmak \u00fczere i\u015fgal alt\u0131ndaki topraklar\u0131n kurtar\u0131lmas\u0131na olan g\u00fcvenini dile getirdi. Filistinli &#8220;Mavt\u0131ni&#8221; grubunu temsil eden heyete, Bek&#8217;aata k\u00f6y\u00fcnden Birkat Ram ve &hellip;<\/p>\n","protected":false},"author":1,"featured_media":257302,"comment_status":"closed","ping_status":"closed","sticky":false,"template":"","format":"standard","meta":{"footnotes":""},"categories":[479,17988,478],"tags":[],"class_list":["post-257299","post","type-post","status-publish","format-standard","has-post-thumbnail","","category-haberler-yerel","category-son-haberler","category-yerel"],"_links":{"self":[{"href":"https:\/\/archive.sana.sy\/tr\/index.php?rest_route=\/wp\/v2\/posts\/257299","targetHints":{"allow":["GET"]}}],"collection":[{"href":"https:\/\/archive.sana.sy\/tr\/index.php?rest_route=\/wp\/v2\/posts"}],"about":[{"href":"https:\/\/archive.sana.sy\/tr\/index.php?rest_route=\/wp\/v2\/types\/post"}],"author":[{"embeddable":true,"href":"https:\/\/archive.sana.sy\/tr\/index.php?rest_route=\/wp\/v2\/users\/1"}],"replies":[{"embeddable":true,"href":"https:\/\/archive.sana.sy\/tr\/index.php?rest_route=%2Fwp%2Fv2%2Fcomments&post=257299"}],"version-history":[{"count":0,"href":"https:\/\/archive.sana.sy\/tr\/index.php?rest_route=\/wp\/v2\/posts\/257299\/revisions"}],"wp:featuredmedia":[{"embeddable":true,"href":"https:\/\/archive.sana.sy\/tr\/index.php?rest_route=\/wp\/v2\/media\/257302"}],"wp:attachment":[{"href":"https:\/\/archive.sana.sy\/tr\/index.php?rest_route=%2Fwp%2Fv2%2Fmedia&parent=257299"}],"wp:term":[{"taxonomy":"category","embeddable":true,"href":"https:\/\/archive.sana.sy\/tr\/index.php?rest_route=%2Fwp%2Fv2%2Fcategories&post=257299"},{"taxonomy":"post_tag","embeddable":true,"href":"https:\/\/archive.sana.sy\/tr\/index.php?rest_route=%2Fwp%2Fv2%2Ftags&post=257299"}],"curies":[{"name":"wp","href":"https:\/\/api.w.org\/{rel}","templated":true}]}}