{"id":257305,"date":"2022-06-19T09:00:54","date_gmt":"2022-06-19T06:00:54","guid":{"rendered":"http:\/\/107.6.182.27\/tr\/?p=257305"},"modified":"2022-06-20T08:14:48","modified_gmt":"2022-06-20T05:14:48","slug":"ordu-ve-yardimci-kuvvet-yaralilarina-suveydada-toplu-dugun","status":"publish","type":"post","link":"https:\/\/archive.sana.sy\/tr\/?p=257305","title":{"rendered":"Ordu Ve Yard\u0131mc\u0131 Kuvvet Yaral\u0131lar\u0131na S\u00fcveyda&#8217;da Toplu D\u00fc\u011f\u00fcn"},"content":{"rendered":"<p>S\u00dcVEYDA &#8211; Vatan\u0131 savunmak i\u00e7in g\u00f6sterdikleri fedakarl\u0131klar\u0131 takdiren, \u015eehit Vakf\u0131 &#8211; S\u00fcveyda \u015eubesi d\u00fcn ak\u015fam S\u00fcveyda kentindeki turistik otelde Suriye Arap Ordusu ve yard\u0131mc\u0131 g\u00fc\u00e7lerden baz\u0131 yaral\u0131lar i\u00e7in toplu bir d\u00fc\u011f\u00fcn t\u00f6reni d\u00fczenledi.<\/p>\n<p>\u015eehit Vakf\u0131&#8217;n\u0131n S\u00fcveyda&#8217;daki \u015fube m\u00fcd\u00fcr\u00fc Gada Tali&#8217;a, SANA muhabirine yapt\u0131\u011f\u0131 a\u00e7\u0131klamada, toplu d\u00fc\u011f\u00fcn t\u00f6reninin ordunun ve m\u00fcttefik kuvvetlerin kahramanlar\u0131na, fedakarl\u0131klar\u0131na, vatan\u0131 de\u011ferli ve gururlu k\u0131lmak i\u00e7in sunduklar\u0131na y\u00f6nelik bir \u00f6vg\u00fc oldu\u011funu, d\u00fc\u011f\u00fcn t\u00f6reninin Vakf\u0131n ilk d\u00fc\u011f\u00fcn\u00fc oldu\u011funa ve her y\u0131l geleneksel hale gelece\u011fine i\u015faret etti.<\/p>\n<p>Tali&#8217;a, yerel halkla i\u015fbirli\u011fi i\u00e7inde y\u00fcr\u00fct\u00fclen bu giri\u015fimin, bu kahramanlara zor \u015fartlar alt\u0131nda destek sa\u011flanmas\u0131 ve evlilik maliyetlerinin \u00fczerlerindeki y\u00fck\u00fcn hafifletilmesi a\u00e7\u0131s\u0131ndan \u00f6nemine dikkat \u00e7ekti.<\/p>\n<p>Buna kar\u015f\u0131l\u0131k damatlar, Sami, Samer, Yesar Al Ciba&#8217;i ile Rafet Al Kas\u0131m, yaral\u0131lar i\u00e7in endi\u015fenin boyutunu ve hayatlar\u0131 boyunca onlara yard\u0131m etmek i\u00e7in s\u00fcrekli aray\u0131\u015f\u0131 yans\u0131tan bu giri\u015fim i\u00e7in takdirlerini dile getirdiler.<\/p>\n<div id='gallery-1' class='gallery galleryid-257305 gallery-columns-3 gallery-size-full'><figure class='gallery-item'>\n\t\t\t<div class='gallery-icon landscape'>\n\t\t\t\t<a href='https:\/\/archive.sana.sy\/tr\/wp-content\/uploads\/2022\/06\/DSC_0004-2.jpg'><img loading=\"lazy\" decoding=\"async\" width=\"660\" height=\"376\" src=\"https:\/\/archive.sana.sy\/tr\/wp-content\/uploads\/2022\/06\/DSC_0004-2.jpg\" class=\"attachment-full size-full\" alt=\"\" srcset=\"https:\/\/archive.sana.sy\/tr\/wp-content\/uploads\/2022\/06\/DSC_0004-2.jpg 660w, https:\/\/archive.sana.sy\/tr\/wp-content\/uploads\/2022\/06\/DSC_0004-2-300x171.jpg 300w, https:\/\/archive.sana.sy\/tr\/wp-content\/uploads\/2022\/06\/DSC_0004-2-150x85.jpg 150w\" sizes=\"auto, (max-width: 660px) 100vw, 660px\" \/><\/a>\n\t\t\t<\/div><\/figure><figure class='gallery-item'>\n\t\t\t<div class='gallery-icon landscape'>\n\t\t\t\t<a href='https:\/\/archive.sana.sy\/tr\/wp-content\/uploads\/2022\/06\/DSC_0006.jpg'><img loading=\"lazy\" decoding=\"async\" width=\"660\" height=\"380\" src=\"https:\/\/archive.sana.sy\/tr\/wp-content\/uploads\/2022\/06\/DSC_0006.jpg\" class=\"attachment-full size-full\" alt=\"\" srcset=\"https:\/\/archive.sana.sy\/tr\/wp-content\/uploads\/2022\/06\/DSC_0006.jpg 660w, https:\/\/archive.sana.sy\/tr\/wp-content\/uploads\/2022\/06\/DSC_0006-300x173.jpg 300w, https:\/\/archive.sana.sy\/tr\/wp-content\/uploads\/2022\/06\/DSC_0006-150x86.jpg 150w\" sizes=\"auto, (max-width: 660px) 100vw, 660px\" \/><\/a>\n\t\t\t<\/div><\/figure><figure class='gallery-item'>\n\t\t\t<div class='gallery-icon landscape'>\n\t\t\t\t<a href='https:\/\/archive.sana.sy\/tr\/wp-content\/uploads\/2022\/06\/DSC_0012.jpg'><img loading=\"lazy\" decoding=\"async\" width=\"660\" height=\"394\" src=\"https:\/\/archive.sana.sy\/tr\/wp-content\/uploads\/2022\/06\/DSC_0012.jpg\" class=\"attachment-full size-full\" alt=\"\" srcset=\"https:\/\/archive.sana.sy\/tr\/wp-content\/uploads\/2022\/06\/DSC_0012.jpg 660w, https:\/\/archive.sana.sy\/tr\/wp-content\/uploads\/2022\/06\/DSC_0012-300x179.jpg 300w, https:\/\/archive.sana.sy\/tr\/wp-content\/uploads\/2022\/06\/DSC_0012-150x90.jpg 150w\" sizes=\"auto, (max-width: 660px) 100vw, 660px\" \/><\/a>\n\t\t\t<\/div><\/figure>\n\t\t<\/div>\n\n","protected":false},"excerpt":{"rendered":"<p>S\u00dcVEYDA &#8211; Vatan\u0131 savunmak i\u00e7in g\u00f6sterdikleri fedakarl\u0131klar\u0131 takdiren, \u015eehit Vakf\u0131 &#8211; S\u00fcveyda \u015eubesi d\u00fcn ak\u015fam S\u00fcveyda kentindeki turistik otelde Suriye Arap Ordusu ve yard\u0131mc\u0131 g\u00fc\u00e7lerden baz\u0131 yaral\u0131lar i\u00e7in toplu bir d\u00fc\u011f\u00fcn t\u00f6reni d\u00fczenledi. \u015eehit Vakf\u0131&#8217;n\u0131n S\u00fcveyda&#8217;daki \u015fube m\u00fcd\u00fcr\u00fc Gada Tali&#8217;a, SANA muhabirine yapt\u0131\u011f\u0131 a\u00e7\u0131klamada, toplu d\u00fc\u011f\u00fcn t\u00f6reninin ordunun ve m\u00fcttefik kuvvetlerin kahramanlar\u0131na, fedakarl\u0131klar\u0131na, vatan\u0131 de\u011ferli &hellip;<\/p>\n","protected":false},"author":36,"featured_media":257309,"comment_status":"closed","ping_status":"closed","sticky":false,"template":"","format":"standard","meta":{"footnotes":""},"categories":[596,526,479,541,17988,525,538,478],"tags":[],"class_list":["post-257305","post","type-post","status-publish","format-standard","has-post-thumbnail","","category-fotografli-raporlar","category-haber-ve-raporlar","category-haberler-yerel","category-haberler","category-son-haberler","category-toplum","category-yasam","category-yerel"],"_links":{"self":[{"href":"https:\/\/archive.sana.sy\/tr\/index.php?rest_route=\/wp\/v2\/posts\/257305","targetHints":{"allow":["GET"]}}],"collection":[{"href":"https:\/\/archive.sana.sy\/tr\/index.php?rest_route=\/wp\/v2\/posts"}],"about":[{"href":"https:\/\/archive.sana.sy\/tr\/index.php?rest_route=\/wp\/v2\/types\/post"}],"author":[{"embeddable":true,"href":"https:\/\/archive.sana.sy\/tr\/index.php?rest_route=\/wp\/v2\/users\/36"}],"replies":[{"embeddable":true,"href":"https:\/\/archive.sana.sy\/tr\/index.php?rest_route=%2Fwp%2Fv2%2Fcomments&post=257305"}],"version-history":[{"count":0,"href":"https:\/\/archive.sana.sy\/tr\/index.php?rest_route=\/wp\/v2\/posts\/257305\/revisions"}],"wp:featuredmedia":[{"embeddable":true,"href":"https:\/\/archive.sana.sy\/tr\/index.php?rest_route=\/wp\/v2\/media\/257309"}],"wp:attachment":[{"href":"https:\/\/archive.sana.sy\/tr\/index.php?rest_route=%2Fwp%2Fv2%2Fmedia&parent=257305"}],"wp:term":[{"taxonomy":"category","embeddable":true,"href":"https:\/\/archive.sana.sy\/tr\/index.php?rest_route=%2Fwp%2Fv2%2Fcategories&post=257305"},{"taxonomy":"post_tag","embeddable":true,"href":"https:\/\/archive.sana.sy\/tr\/index.php?rest_route=%2Fwp%2Fv2%2Ftags&post=257305"}],"curies":[{"name":"wp","href":"https:\/\/api.w.org\/{rel}","templated":true}]}}