{"id":257311,"date":"2022-06-19T12:20:27","date_gmt":"2022-06-19T09:20:27","guid":{"rendered":"http:\/\/107.6.182.27\/tr\/?p=257311"},"modified":"2022-06-21T08:21:55","modified_gmt":"2022-06-21T05:21:55","slug":"lazkiyede-kanserin-erken-teshisi-icin-ulusal-kampanyasi-baslatildi","status":"publish","type":"post","link":"https:\/\/archive.sana.sy\/tr\/?p=257311","title":{"rendered":"Kanserin Erken Te\u015fhisi \u0130\u00e7in Ulusal Kampanya Lazkiye&#8217;de Ba\u015flad\u0131"},"content":{"rendered":"<p>LAZK\u0130YE \u2013 Lazkiye Valili\u011fi&#8217;nde bug\u00fcn, Ulusal Kanser Kontrol Komitesi taraf\u0131ndan organize edilen ve resmi ve \u00f6zel kurulu\u015flar\u0131n kat\u0131l\u0131m\u0131yla \u00fc\u00e7 tip kanserli t\u00fcm\u00f6r\u00fc (meme, serviks ve prostat) kapsayan ulusal kanser erken te\u015fhis kampanyas\u0131 ba\u015flat\u0131ld\u0131.<\/p>\n<p><img loading=\"lazy\" decoding=\"async\" class=\"size-medium wp-image-257315 alignright\" src=\"http:\/\/107.6.182.27\/tr\/wp-content\/uploads\/2022\/06\/13-4-300x171.jpg\" alt=\"\" width=\"300\" height=\"171\" srcset=\"https:\/\/archive.sana.sy\/tr\/wp-content\/uploads\/2022\/06\/13-4-300x171.jpg 300w, https:\/\/archive.sana.sy\/tr\/wp-content\/uploads\/2022\/06\/13-4-150x85.jpg 150w, https:\/\/archive.sana.sy\/tr\/wp-content\/uploads\/2022\/06\/13-4.jpg 660w\" sizes=\"auto, (max-width: 300px) 100vw, 300px\" \/>Lazkiye Valili\u011fi&#8217;nde Ulusal Kanser Erken Te\u015fhisi Kampanyas\u0131, kampanyan\u0131n Tartus Valili\u011fi&#8217;nden sonraki ikinci istasyonu ve \u00f6n\u00fcm\u00fczdeki 25 Temmuz&#8217;a kadar devam edecek.<\/p>\n<p>Ulusal Kanser Kontrol Program\u0131 d\u00fcn yapt\u0131\u011f\u0131 a\u00e7\u0131klamada, kampanyan\u0131n kanserin erken te\u015fhisi i\u00e7in t\u0131bbi muayene olmak isteyen vatanda\u015flar\u0131n sabah 8:30&#8217;dan \u00f6\u011fleden sonra 3&#8217;e kadar al\u0131nmas\u0131yla ba\u015flayaca\u011f\u0131n\u0131, baz\u0131 \u00f6zel merkezlerin ise 10&#8217;da hasta almaya ba\u015flayaca\u011f\u0131n\u0131 s\u00f6yledi.<\/p>\n<p><img loading=\"lazy\" decoding=\"async\" class=\"size-medium wp-image-257316 alignright\" src=\"http:\/\/107.6.182.27\/tr\/wp-content\/uploads\/2022\/06\/14-3-300x171.jpg\" alt=\"\" width=\"300\" height=\"171\" srcset=\"https:\/\/archive.sana.sy\/tr\/wp-content\/uploads\/2022\/06\/14-3-300x171.jpg 300w, https:\/\/archive.sana.sy\/tr\/wp-content\/uploads\/2022\/06\/14-3-150x85.jpg 150w, https:\/\/archive.sana.sy\/tr\/wp-content\/uploads\/2022\/06\/14-3.jpg 660w\" sizes=\"auto, (max-width: 300px) 100vw, 300px\" \/>Kampanyaya kat\u0131lan sa\u011fl\u0131k oca\u011f\u0131 say\u0131s\u0131, halk merkezleri ve \u00f6zel t\u0131p merkezleri dahil 19&#8217;dur.<\/p>\n<p>Kampanya, ba\u015fta Sa\u011fl\u0131k ve Y\u00fcksek \u00d6\u011fretim Bakanl\u0131klar\u0131 olmak \u00fczere, Savunma Bakanl\u0131\u011f\u0131 Askeri Sa\u011fl\u0131k Hizmetleri Daire Ba\u015fkanl\u0131\u011f\u0131, Yerel Y\u00f6netim ve \u00c7evre Bakanl\u0131\u011f\u0131, Sivil dernekler ve ba\u011f\u0131\u015f\u00e7\u0131lar\u0131n \u00e7abalar\u0131yla birlikte y\u00fcr\u00fct\u00fclmektedir.<\/p>\n<p><span style=\"color: #0000ff;\">#Telegram_Kanal\u0131m\u0131z: https:\/\/t.me\/SuriyeArapHaberAjans<\/span><\/p>\n<div id='gallery-1' class='gallery galleryid-257311 gallery-columns-3 gallery-size-full'><figure class='gallery-item'>\n\t\t\t<div class='gallery-icon landscape'>\n\t\t\t\t<a href='https:\/\/archive.sana.sy\/tr\/wp-content\/uploads\/2022\/06\/20220619123331_IMG_1580.jpg'><img loading=\"lazy\" decoding=\"async\" width=\"660\" height=\"372\" src=\"https:\/\/archive.sana.sy\/tr\/wp-content\/uploads\/2022\/06\/20220619123331_IMG_1580.jpg\" class=\"attachment-full size-full\" alt=\"\" srcset=\"https:\/\/archive.sana.sy\/tr\/wp-content\/uploads\/2022\/06\/20220619123331_IMG_1580.jpg 660w, https:\/\/archive.sana.sy\/tr\/wp-content\/uploads\/2022\/06\/20220619123331_IMG_1580-300x169.jpg 300w, https:\/\/archive.sana.sy\/tr\/wp-content\/uploads\/2022\/06\/20220619123331_IMG_1580-150x85.jpg 150w\" sizes=\"auto, (max-width: 660px) 100vw, 660px\" \/><\/a>\n\t\t\t<\/div><\/figure><figure class='gallery-item'>\n\t\t\t<div class='gallery-icon landscape'>\n\t\t\t\t<a href='https:\/\/archive.sana.sy\/tr\/wp-content\/uploads\/2022\/06\/20220619123338_IMG_1581.jpg'><img loading=\"lazy\" decoding=\"async\" width=\"660\" height=\"366\" src=\"https:\/\/archive.sana.sy\/tr\/wp-content\/uploads\/2022\/06\/20220619123338_IMG_1581.jpg\" class=\"attachment-full size-full\" alt=\"\" srcset=\"https:\/\/archive.sana.sy\/tr\/wp-content\/uploads\/2022\/06\/20220619123338_IMG_1581.jpg 660w, https:\/\/archive.sana.sy\/tr\/wp-content\/uploads\/2022\/06\/20220619123338_IMG_1581-300x166.jpg 300w, https:\/\/archive.sana.sy\/tr\/wp-content\/uploads\/2022\/06\/20220619123338_IMG_1581-150x83.jpg 150w\" sizes=\"auto, (max-width: 660px) 100vw, 660px\" \/><\/a>\n\t\t\t<\/div><\/figure><figure class='gallery-item'>\n\t\t\t<div class='gallery-icon landscape'>\n\t\t\t\t<a href='https:\/\/archive.sana.sy\/tr\/wp-content\/uploads\/2022\/06\/20220619123354_IMG_1583.jpg'><img loading=\"lazy\" decoding=\"async\" width=\"660\" height=\"376\" src=\"https:\/\/archive.sana.sy\/tr\/wp-content\/uploads\/2022\/06\/20220619123354_IMG_1583.jpg\" class=\"attachment-full size-full\" alt=\"\" srcset=\"https:\/\/archive.sana.sy\/tr\/wp-content\/uploads\/2022\/06\/20220619123354_IMG_1583.jpg 660w, https:\/\/archive.sana.sy\/tr\/wp-content\/uploads\/2022\/06\/20220619123354_IMG_1583-300x171.jpg 300w, https:\/\/archive.sana.sy\/tr\/wp-content\/uploads\/2022\/06\/20220619123354_IMG_1583-150x85.jpg 150w\" sizes=\"auto, (max-width: 660px) 100vw, 660px\" \/><\/a>\n\t\t\t<\/div><\/figure>\n\t\t<\/div>\n\n","protected":false},"excerpt":{"rendered":"<p>LAZK\u0130YE \u2013 Lazkiye Valili\u011fi&#8217;nde bug\u00fcn, Ulusal Kanser Kontrol Komitesi taraf\u0131ndan organize edilen ve resmi ve \u00f6zel kurulu\u015flar\u0131n kat\u0131l\u0131m\u0131yla \u00fc\u00e7 tip kanserli t\u00fcm\u00f6r\u00fc (meme, serviks ve prostat) kapsayan ulusal kanser erken te\u015fhis kampanyas\u0131 ba\u015flat\u0131ld\u0131. Lazkiye Valili\u011fi&#8217;nde Ulusal Kanser Erken Te\u015fhisi Kampanyas\u0131, kampanyan\u0131n Tartus Valili\u011fi&#8217;nden sonraki ikinci istasyonu ve \u00f6n\u00fcm\u00fczdeki 25 Temmuz&#8217;a kadar devam edecek. Ulusal Kanser &hellip;<\/p>\n","protected":false},"author":36,"featured_media":257317,"comment_status":"closed","ping_status":"closed","sticky":false,"template":"","format":"standard","meta":{"footnotes":""},"categories":[596,541,479,17988,538,478],"tags":[],"class_list":["post-257311","post","type-post","status-publish","format-standard","has-post-thumbnail","","category-fotografli-raporlar","category-haberler","category-haberler-yerel","category-son-haberler","category-yasam","category-yerel"],"_links":{"self":[{"href":"https:\/\/archive.sana.sy\/tr\/index.php?rest_route=\/wp\/v2\/posts\/257311","targetHints":{"allow":["GET"]}}],"collection":[{"href":"https:\/\/archive.sana.sy\/tr\/index.php?rest_route=\/wp\/v2\/posts"}],"about":[{"href":"https:\/\/archive.sana.sy\/tr\/index.php?rest_route=\/wp\/v2\/types\/post"}],"author":[{"embeddable":true,"href":"https:\/\/archive.sana.sy\/tr\/index.php?rest_route=\/wp\/v2\/users\/36"}],"replies":[{"embeddable":true,"href":"https:\/\/archive.sana.sy\/tr\/index.php?rest_route=%2Fwp%2Fv2%2Fcomments&post=257311"}],"version-history":[{"count":0,"href":"https:\/\/archive.sana.sy\/tr\/index.php?rest_route=\/wp\/v2\/posts\/257311\/revisions"}],"wp:featuredmedia":[{"embeddable":true,"href":"https:\/\/archive.sana.sy\/tr\/index.php?rest_route=\/wp\/v2\/media\/257317"}],"wp:attachment":[{"href":"https:\/\/archive.sana.sy\/tr\/index.php?rest_route=%2Fwp%2Fv2%2Fmedia&parent=257311"}],"wp:term":[{"taxonomy":"category","embeddable":true,"href":"https:\/\/archive.sana.sy\/tr\/index.php?rest_route=%2Fwp%2Fv2%2Fcategories&post=257311"},{"taxonomy":"post_tag","embeddable":true,"href":"https:\/\/archive.sana.sy\/tr\/index.php?rest_route=%2Fwp%2Fv2%2Ftags&post=257311"}],"curies":[{"name":"wp","href":"https:\/\/api.w.org\/{rel}","templated":true}]}}