{"id":257320,"date":"2022-06-19T12:41:44","date_gmt":"2022-06-19T09:41:44","guid":{"rendered":"http:\/\/107.6.182.27\/tr\/?p=257320"},"modified":"2022-06-20T08:15:19","modified_gmt":"2022-06-20T05:15:19","slug":"haseke-kirsalinda-teror-orgutlerinin-kendi-aralarinda-catismasi-sonucu-yuzlerce-aile-yerinden-edildi","status":"publish","type":"post","link":"https:\/\/archive.sana.sy\/tr\/?p=257320","title":{"rendered":"Haseke K\u0131rsal\u0131nda Ter\u00f6r \u00d6rg\u00fctlerinin Kendi Aralar\u0131nda \u00c7at\u0131\u015fmas\u0131 Sonucu Y\u00fczlerce Aile Yerinden Edildi"},"content":{"rendered":"<p>HASEKE \u2013 B\u00f6lgede T\u00fcrk i\u015fgal g\u00fc\u00e7lerinin destekledi\u011fi ter\u00f6r gruplar\u0131 aras\u0131nda \u00e7\u0131kan \u015fiddetli \u00e7at\u0131\u015fmalar sonucuda Haseke&#8217;nin kuzeybat\u0131s\u0131nda yer alan Rasulayn b\u00f6lgesinden son saatlerde y\u00fczlerce aile yerinden edildi.<\/p>\n<p>Yerel kaynaklar SANA muhabirine, &#8220;\u0130\u015fgal alt\u0131ndaki Rasulayn b\u00f6lgesinde yer alan Tel Zayip k\u00f6y\u00fcnde T\u00fcrk i\u015fgaline ba\u011fl\u0131 ter\u00f6r gruplar\u0131 aras\u0131nda bir akaryak\u0131t istasyonunu ve \u00e7evresindeki arazinin bir alan\u0131n\u0131 kontrol etmek i\u00e7in bir anla\u015fmazl\u0131k \u00e7\u0131kt\u0131 ve hafif ve orta silahlarla \u015fiddetli \u00e7at\u0131\u015fmalar meydana geldi\u201d dedi.<\/p>\n<p>Kaynaklar, \u00e7at\u0131\u015fmalar\u0131n vah\u015fetinin, insanlar\u0131n \u00e7o\u011funun Tal Zayip k\u00f6y\u00fcnden ve \u00e7evresindeki birka\u00e7 k\u00f6yden g\u00fcney b\u00f6lgelerine do\u011fru ka\u00e7mas\u0131na neden oldu\u011funa dikkat \u00e7ekti.<\/p>\n<p><span style=\"color: #0000ff;\">#Telegram_Kanal\u0131m\u0131z: https:\/\/t.me\/SuriyeArapHaberAjans<\/span><\/p>\n","protected":false},"excerpt":{"rendered":"<p>HASEKE \u2013 B\u00f6lgede T\u00fcrk i\u015fgal g\u00fc\u00e7lerinin destekledi\u011fi ter\u00f6r gruplar\u0131 aras\u0131nda \u00e7\u0131kan \u015fiddetli \u00e7at\u0131\u015fmalar sonucuda Haseke&#8217;nin kuzeybat\u0131s\u0131nda yer alan Rasulayn b\u00f6lgesinden son saatlerde y\u00fczlerce aile yerinden edildi. Yerel kaynaklar SANA muhabirine, &#8220;\u0130\u015fgal alt\u0131ndaki Rasulayn b\u00f6lgesinde yer alan Tel Zayip k\u00f6y\u00fcnde T\u00fcrk i\u015fgaline ba\u011fl\u0131 ter\u00f6r gruplar\u0131 aras\u0131nda bir akaryak\u0131t istasyonunu ve \u00e7evresindeki arazinin bir alan\u0131n\u0131 kontrol etmek &hellip;<\/p>\n","protected":false},"author":36,"featured_media":257321,"comment_status":"closed","ping_status":"closed","sticky":false,"template":"","format":"standard","meta":{"footnotes":""},"categories":[479,575,17988,2554,2555,478],"tags":[],"class_list":["post-257320","post","type-post","status-publish","format-standard","has-post-thumbnail","","category-haberler-yerel","category-olaylar-ve-gercekler","category-son-haberler","category-suriye-ve-dunya","category-suriye-ve-turkiye","category-yerel"],"_links":{"self":[{"href":"https:\/\/archive.sana.sy\/tr\/index.php?rest_route=\/wp\/v2\/posts\/257320","targetHints":{"allow":["GET"]}}],"collection":[{"href":"https:\/\/archive.sana.sy\/tr\/index.php?rest_route=\/wp\/v2\/posts"}],"about":[{"href":"https:\/\/archive.sana.sy\/tr\/index.php?rest_route=\/wp\/v2\/types\/post"}],"author":[{"embeddable":true,"href":"https:\/\/archive.sana.sy\/tr\/index.php?rest_route=\/wp\/v2\/users\/36"}],"replies":[{"embeddable":true,"href":"https:\/\/archive.sana.sy\/tr\/index.php?rest_route=%2Fwp%2Fv2%2Fcomments&post=257320"}],"version-history":[{"count":0,"href":"https:\/\/archive.sana.sy\/tr\/index.php?rest_route=\/wp\/v2\/posts\/257320\/revisions"}],"wp:featuredmedia":[{"embeddable":true,"href":"https:\/\/archive.sana.sy\/tr\/index.php?rest_route=\/wp\/v2\/media\/257321"}],"wp:attachment":[{"href":"https:\/\/archive.sana.sy\/tr\/index.php?rest_route=%2Fwp%2Fv2%2Fmedia&parent=257320"}],"wp:term":[{"taxonomy":"category","embeddable":true,"href":"https:\/\/archive.sana.sy\/tr\/index.php?rest_route=%2Fwp%2Fv2%2Fcategories&post=257320"},{"taxonomy":"post_tag","embeddable":true,"href":"https:\/\/archive.sana.sy\/tr\/index.php?rest_route=%2Fwp%2Fv2%2Ftags&post=257320"}],"curies":[{"name":"wp","href":"https:\/\/api.w.org\/{rel}","templated":true}]}}