{"id":257327,"date":"2022-06-19T17:23:13","date_gmt":"2022-06-19T14:23:13","guid":{"rendered":"http:\/\/107.6.182.27\/tr\/?p=257327"},"modified":"2022-06-21T08:22:24","modified_gmt":"2022-06-21T05:22:24","slug":"cumhurbaskani-esad-bahreyn-kralliginin-suriyedeki-olaganustu-ve-tam-yetkili-buyukelcisinin-guven-mektubunu-kabul-etti","status":"publish","type":"post","link":"https:\/\/archive.sana.sy\/tr\/?p=257327","title":{"rendered":"Cumhurba\u015fkan\u0131 Esad, Bahreyn Krall\u0131\u011f\u0131&#8217;n\u0131n Suriye&#8217;deki Ola\u011fan\u00fcst\u00fc ve Tam Yetkili B\u00fcy\u00fckel\u00e7isinin G\u00fcven Mektubunu Kabul Etti"},"content":{"rendered":"<p style=\"text-align: justify;\">\u015eAM &#8211; Cumhurba\u015fkan\u0131 Be\u015f\u015far Esad bug\u00fcn Bahreyn Krall\u0131\u011f\u0131&#8217;n\u0131n Suriye Arap Cumhuriyeti&#8217;ndeki Ola\u011fan\u00fcst\u00fc ve Tam Yetkili B\u00fcy\u00fckel\u00e7isi Vahid Mubarak Seyyar&#8217;\u0131n g\u00fcven mektubunu kabul etti.<\/p>\n<p style=\"text-align: justify;\">Cumhurba\u015fkan\u0131 Esad, B\u00fcy\u00fckel\u00e7i Sayyar&#8217;\u0131 kabul ederek onunla iki karde\u015f \u00fclkeyi ilgilendiren bir dizi konu ve mesele hakk\u0131nda g\u00f6r\u00fc\u015f al\u0131\u015fveri\u015finde bulundu ve g\u00f6revinde ba\u015far\u0131lar diledi.<\/p>\n<p style=\"text-align: justify;\">G\u00fcven mektubu takdim t\u00f6renine D\u0131\u015fi\u015fleri ve Gurbet\u00e7iler Bakan\u0131 Dr. Faysal Mikdad ve Cumhurba\u015fkanl\u0131\u011f\u0131 \u0130\u015fleri Bakan\u0131 Mansur Azzam kat\u0131ld\u0131. Bahreyn Krall\u0131\u011f\u0131&#8217;n\u0131n el\u00e7isi Halk Saray\u0131&#8217;nda ola\u011fan t\u00f6renle kar\u015f\u0131land\u0131 ve u\u011furland\u0131.<\/p>\n","protected":false},"excerpt":{"rendered":"<p>\u015eAM &#8211; Cumhurba\u015fkan\u0131 Be\u015f\u015far Esad bug\u00fcn Bahreyn Krall\u0131\u011f\u0131&#8217;n\u0131n Suriye Arap Cumhuriyeti&#8217;ndeki Ola\u011fan\u00fcst\u00fc ve Tam Yetkili B\u00fcy\u00fckel\u00e7isi Vahid Mubarak Seyyar&#8217;\u0131n g\u00fcven mektubunu kabul etti. Cumhurba\u015fkan\u0131 Esad, B\u00fcy\u00fckel\u00e7i Sayyar&#8217;\u0131 kabul ederek onunla iki karde\u015f \u00fclkeyi ilgilendiren bir dizi konu ve mesele hakk\u0131nda g\u00f6r\u00fc\u015f al\u0131\u015fveri\u015finde bulundu ve g\u00f6revinde ba\u015far\u0131lar diledi. G\u00fcven mektubu takdim t\u00f6renine D\u0131\u015fi\u015fleri ve Gurbet\u00e7iler Bakan\u0131 &hellip;<\/p>\n","protected":false},"author":1,"featured_media":257328,"comment_status":"closed","ping_status":"closed","sticky":false,"template":"","format":"standard","meta":{"footnotes":""},"categories":[479,17988,478],"tags":[],"class_list":["post-257327","post","type-post","status-publish","format-standard","has-post-thumbnail","","category-haberler-yerel","category-son-haberler","category-yerel"],"_links":{"self":[{"href":"https:\/\/archive.sana.sy\/tr\/index.php?rest_route=\/wp\/v2\/posts\/257327","targetHints":{"allow":["GET"]}}],"collection":[{"href":"https:\/\/archive.sana.sy\/tr\/index.php?rest_route=\/wp\/v2\/posts"}],"about":[{"href":"https:\/\/archive.sana.sy\/tr\/index.php?rest_route=\/wp\/v2\/types\/post"}],"author":[{"embeddable":true,"href":"https:\/\/archive.sana.sy\/tr\/index.php?rest_route=\/wp\/v2\/users\/1"}],"replies":[{"embeddable":true,"href":"https:\/\/archive.sana.sy\/tr\/index.php?rest_route=%2Fwp%2Fv2%2Fcomments&post=257327"}],"version-history":[{"count":0,"href":"https:\/\/archive.sana.sy\/tr\/index.php?rest_route=\/wp\/v2\/posts\/257327\/revisions"}],"wp:featuredmedia":[{"embeddable":true,"href":"https:\/\/archive.sana.sy\/tr\/index.php?rest_route=\/wp\/v2\/media\/257328"}],"wp:attachment":[{"href":"https:\/\/archive.sana.sy\/tr\/index.php?rest_route=%2Fwp%2Fv2%2Fmedia&parent=257327"}],"wp:term":[{"taxonomy":"category","embeddable":true,"href":"https:\/\/archive.sana.sy\/tr\/index.php?rest_route=%2Fwp%2Fv2%2Fcategories&post=257327"},{"taxonomy":"post_tag","embeddable":true,"href":"https:\/\/archive.sana.sy\/tr\/index.php?rest_route=%2Fwp%2Fv2%2Ftags&post=257327"}],"curies":[{"name":"wp","href":"https:\/\/api.w.org\/{rel}","templated":true}]}}