{"id":257330,"date":"2022-06-19T17:36:50","date_gmt":"2022-06-19T14:36:50","guid":{"rendered":"http:\/\/107.6.182.27\/tr\/?p=257330"},"modified":"2022-06-21T08:22:36","modified_gmt":"2022-06-21T05:22:36","slug":"ordunun-destegiyle-hama-kirsalinda-teroristlerin-top-mermilerinin-neden-oldugu-yangin-sonduruldu","status":"publish","type":"post","link":"https:\/\/archive.sana.sy\/tr\/?p=257330","title":{"rendered":"Ordunun Deste\u011fiyle&#8230; Hama K\u0131rsal\u0131nda Ter\u00f6ristlerin Top Mermilerinin Neden Oldu\u011fu Yang\u0131n S\u00f6nd\u00fcr\u00fcld\u00fc"},"content":{"rendered":"<p style=\"text-align: justify;\">HAMA &#8211; Orman ve Su Kaynaklar\u0131 Y\u00f6netim ve Geli\u015ftirme Genel M\u00fcd\u00fcrl\u00fc\u011f\u00fc&#8217;ne ba\u011fl\u0131 itfaiye ekipleri ve mekanizmalar\u0131, Suriye Arap Ordusu&#8217;nun deste\u011fiyle Curin&#8217;in kuzeyinde, Hama&#8217;n\u0131n uzak kuzeybat\u0131 k\u0131rsal\u0131ndki el Safafa k\u00f6y\u00fcnde bi\u00e7ilen bu\u011fday tarlas\u0131nda, \u0130dlib k\u0131rsal\u0131nda konu\u015flanan ter\u00f6r \u00f6rg\u00fctlerinin top at\u0131\u015flar\u0131n\u0131n ard\u0131ndan bir yang\u0131n \u00e7\u0131kt\u0131.<\/p>\n<p style=\"text-align: justify;\">El Safafa Belediye Ba\u015fkan\u0131 SANA muhabirine yapt\u0131\u011f\u0131 a\u00e7\u0131klamada, &#8220;Ter\u00f6r \u00f6rg\u00fctlerinin \u0130dlib&#8217;in g\u00fcneybat\u0131 k\u0131rsal\u0131nda konu\u015flanan ter\u00f6ristlerin att\u0131klar\u0131 top mermileri sonucu \u00e7\u0131kan yang\u0131n\u0131n s\u00f6nd\u00fcr\u00fcld\u00fc\u011f\u00fcn\u00fc&#8221; belirterek; &#8220;Yang\u0131nlar kontrol alt\u0131na al\u0131nd\u0131, \u015fu anda yang\u0131n yeri yakindan izleniyor\u201d dedi.<\/p>\n<p style=\"text-align: justify;\">Buna kar\u015f\u0131l\u0131k, kurumdaki do\u011fal kaynaklar m\u00fcd\u00fcr\u00fc Faiz Muhammed, benzer bir a\u00e7\u0131klamada &#8220;yang\u0131ndan etkilenen arazi alan\u0131n\u0131n s\u0131n\u0131rl\u0131 oldu\u011funu ve hasat edilmemi\u015f bu\u011fday tarlalar\u0131 ve samanl\u0131klarla s\u0131n\u0131rl\u0131 oldu\u011funu&#8221; a\u00e7\u0131klad\u0131.<\/p>\n","protected":false},"excerpt":{"rendered":"<p>HAMA &#8211; Orman ve Su Kaynaklar\u0131 Y\u00f6netim ve Geli\u015ftirme Genel M\u00fcd\u00fcrl\u00fc\u011f\u00fc&#8217;ne ba\u011fl\u0131 itfaiye ekipleri ve mekanizmalar\u0131, Suriye Arap Ordusu&#8217;nun deste\u011fiyle Curin&#8217;in kuzeyinde, Hama&#8217;n\u0131n uzak kuzeybat\u0131 k\u0131rsal\u0131ndki el Safafa k\u00f6y\u00fcnde bi\u00e7ilen bu\u011fday tarlas\u0131nda, \u0130dlib k\u0131rsal\u0131nda konu\u015flanan ter\u00f6r \u00f6rg\u00fctlerinin top at\u0131\u015flar\u0131n\u0131n ard\u0131ndan bir yang\u0131n \u00e7\u0131kt\u0131. El Safafa Belediye Ba\u015fkan\u0131 SANA muhabirine yapt\u0131\u011f\u0131 a\u00e7\u0131klamada, &#8220;Ter\u00f6r \u00f6rg\u00fctlerinin \u0130dlib&#8217;in g\u00fcneybat\u0131 &hellip;<\/p>\n","protected":false},"author":1,"featured_media":257331,"comment_status":"closed","ping_status":"closed","sticky":false,"template":"","format":"standard","meta":{"footnotes":""},"categories":[479,575,17988,478],"tags":[],"class_list":["post-257330","post","type-post","status-publish","format-standard","has-post-thumbnail","","category-haberler-yerel","category-olaylar-ve-gercekler","category-son-haberler","category-yerel"],"_links":{"self":[{"href":"https:\/\/archive.sana.sy\/tr\/index.php?rest_route=\/wp\/v2\/posts\/257330","targetHints":{"allow":["GET"]}}],"collection":[{"href":"https:\/\/archive.sana.sy\/tr\/index.php?rest_route=\/wp\/v2\/posts"}],"about":[{"href":"https:\/\/archive.sana.sy\/tr\/index.php?rest_route=\/wp\/v2\/types\/post"}],"author":[{"embeddable":true,"href":"https:\/\/archive.sana.sy\/tr\/index.php?rest_route=\/wp\/v2\/users\/1"}],"replies":[{"embeddable":true,"href":"https:\/\/archive.sana.sy\/tr\/index.php?rest_route=%2Fwp%2Fv2%2Fcomments&post=257330"}],"version-history":[{"count":0,"href":"https:\/\/archive.sana.sy\/tr\/index.php?rest_route=\/wp\/v2\/posts\/257330\/revisions"}],"wp:featuredmedia":[{"embeddable":true,"href":"https:\/\/archive.sana.sy\/tr\/index.php?rest_route=\/wp\/v2\/media\/257331"}],"wp:attachment":[{"href":"https:\/\/archive.sana.sy\/tr\/index.php?rest_route=%2Fwp%2Fv2%2Fmedia&parent=257330"}],"wp:term":[{"taxonomy":"category","embeddable":true,"href":"https:\/\/archive.sana.sy\/tr\/index.php?rest_route=%2Fwp%2Fv2%2Fcategories&post=257330"},{"taxonomy":"post_tag","embeddable":true,"href":"https:\/\/archive.sana.sy\/tr\/index.php?rest_route=%2Fwp%2Fv2%2Ftags&post=257330"}],"curies":[{"name":"wp","href":"https:\/\/api.w.org\/{rel}","templated":true}]}}