{"id":257333,"date":"2022-06-19T21:10:27","date_gmt":"2022-06-19T18:10:27","guid":{"rendered":"http:\/\/107.6.182.27\/tr\/?p=257333"},"modified":"2022-06-21T08:23:04","modified_gmt":"2022-06-21T05:23:04","slug":"esadin-onunde-yuksek-anayasa-mahkemesi-baskan-ve-uyeleri-and-icti","status":"publish","type":"post","link":"https:\/\/archive.sana.sy\/tr\/?p=257333","title":{"rendered":"Esad&#8217;\u0131n \u00d6n\u00fcnde Y\u00fcksek Anayasa Mahkemesi Ba\u015fkan Ve \u00dcyeleri And \u0130\u00e7ti"},"content":{"rendered":"<p style=\"text-align: justify;\">\u015eAM &#8211; Y\u00fcksek Anayasa Mahkemesi Ba\u015fkan\u0131 ve \u00fcyeleri bug\u00fcn Devlet Ba\u015fkan\u0131 Esad&#8217;\u0131n \u00f6n\u00fcnde ve Halk Meclisi Ba\u015fkan\u0131 Hammuda Sabba\u011f&#8217;\u0131n huzurunda anayasal yemini etti. Cumhurba\u015fkan\u0131 Esad&#8217;\u0131n, ba\u015fkan ve mahkeme \u00fcyeleriyle yapt\u0131\u011f\u0131 g\u00f6r\u00fc\u015fmede, di\u011fer yasal organlar\u0131n \u00e7al\u0131\u015fmalar\u0131n\u0131 tamamlay\u0131c\u0131 nitelikte olan Y\u00fcksek Anayasa Mahkemesi&#8217;nin, hukukun g\u00fcc\u00fcn\u00fc ve yarg\u0131 yetkisini art\u0131rmak i\u00e7in yarg\u0131n\u0131n oynad\u0131\u011f\u0131 rol\u00fcn \u00f6nemini tart\u0131\u015ft\u0131lar.<\/p>\n<p style=\"text-align: justify;\">Ayr\u0131ca Mahkemenin \u00d6zellikle y\u00fcr\u00fcrl\u00fckteki yasalar\u0131 ve mevzuat\u0131 incelemeye ve incelemeye devam eden s\u00fcrecin \u0131\u015f\u0131\u011f\u0131nda optimal ve kapsaml\u0131 bir \u015fekilde de\u011fi\u015ftirilerek yeniden yay\u0131mlanmas\u0131 amac\u0131yla, veya ihtiyaca ve kamu yarar\u0131na g\u00f6re yeni mevzuat ve kanunlar\u0131n \u00e7\u0131kar\u0131lmas\u0131 ba\u015fta olmak \u00fczere kanunlar\u0131n ve kanun h\u00fckm\u00fcnde kararnamelerin anayasaya uygunlu\u011funun denetlenmesi konusundaki \u00e7al\u0131\u015fmalar\u0131 da g\u00f6r\u00fc\u015f\u00fcld\u00fc.<\/p>\n","protected":false},"excerpt":{"rendered":"<p>\u015eAM &#8211; Y\u00fcksek Anayasa Mahkemesi Ba\u015fkan\u0131 ve \u00fcyeleri bug\u00fcn Devlet Ba\u015fkan\u0131 Esad&#8217;\u0131n \u00f6n\u00fcnde ve Halk Meclisi Ba\u015fkan\u0131 Hammuda Sabba\u011f&#8217;\u0131n huzurunda anayasal yemini etti. Cumhurba\u015fkan\u0131 Esad&#8217;\u0131n, ba\u015fkan ve mahkeme \u00fcyeleriyle yapt\u0131\u011f\u0131 g\u00f6r\u00fc\u015fmede, di\u011fer yasal organlar\u0131n \u00e7al\u0131\u015fmalar\u0131n\u0131 tamamlay\u0131c\u0131 nitelikte olan Y\u00fcksek Anayasa Mahkemesi&#8217;nin, hukukun g\u00fcc\u00fcn\u00fc ve yarg\u0131 yetkisini art\u0131rmak i\u00e7in yarg\u0131n\u0131n oynad\u0131\u011f\u0131 rol\u00fcn \u00f6nemini tart\u0131\u015ft\u0131lar. Ayr\u0131ca Mahkemenin &hellip;<\/p>\n","protected":false},"author":1,"featured_media":257334,"comment_status":"closed","ping_status":"closed","sticky":false,"template":"","format":"standard","meta":{"footnotes":""},"categories":[479,17988,478],"tags":[],"class_list":["post-257333","post","type-post","status-publish","format-standard","has-post-thumbnail","","category-haberler-yerel","category-son-haberler","category-yerel"],"_links":{"self":[{"href":"https:\/\/archive.sana.sy\/tr\/index.php?rest_route=\/wp\/v2\/posts\/257333","targetHints":{"allow":["GET"]}}],"collection":[{"href":"https:\/\/archive.sana.sy\/tr\/index.php?rest_route=\/wp\/v2\/posts"}],"about":[{"href":"https:\/\/archive.sana.sy\/tr\/index.php?rest_route=\/wp\/v2\/types\/post"}],"author":[{"embeddable":true,"href":"https:\/\/archive.sana.sy\/tr\/index.php?rest_route=\/wp\/v2\/users\/1"}],"replies":[{"embeddable":true,"href":"https:\/\/archive.sana.sy\/tr\/index.php?rest_route=%2Fwp%2Fv2%2Fcomments&post=257333"}],"version-history":[{"count":0,"href":"https:\/\/archive.sana.sy\/tr\/index.php?rest_route=\/wp\/v2\/posts\/257333\/revisions"}],"wp:featuredmedia":[{"embeddable":true,"href":"https:\/\/archive.sana.sy\/tr\/index.php?rest_route=\/wp\/v2\/media\/257334"}],"wp:attachment":[{"href":"https:\/\/archive.sana.sy\/tr\/index.php?rest_route=%2Fwp%2Fv2%2Fmedia&parent=257333"}],"wp:term":[{"taxonomy":"category","embeddable":true,"href":"https:\/\/archive.sana.sy\/tr\/index.php?rest_route=%2Fwp%2Fv2%2Fcategories&post=257333"},{"taxonomy":"post_tag","embeddable":true,"href":"https:\/\/archive.sana.sy\/tr\/index.php?rest_route=%2Fwp%2Fv2%2Ftags&post=257333"}],"curies":[{"name":"wp","href":"https:\/\/api.w.org\/{rel}","templated":true}]}}