{"id":25734,"date":"2015-03-06T13:54:55","date_gmt":"2015-03-06T11:54:55","guid":{"rendered":"http:\/\/www.sana.sy\/tr\/?p=25734"},"modified":"2015-03-06T18:54:19","modified_gmt":"2015-03-06T16:54:19","slug":"uc-aylik-aksamadan-sonra-yermukte-yardim-dagitimlari-yeniden-basladi","status":"publish","type":"post","link":"https:\/\/archive.sana.sy\/tr\/?p=25734","title":{"rendered":"\u00dc\u00e7 Ayl\u0131k Aksamadan Sonra Yerm\u00fck\u2019te Yard\u0131m Da\u011f\u0131t\u0131mlar\u0131 Yeniden Ba\u015flad\u0131"},"content":{"rendered":"<p>\u015eAM \u2013 Filistin Kurtulu\u015f \u00d6rg\u00fct\u00fc Siyasi Daire M\u00fcd\u00fcr\u00fc Enver Abd\u00fclhadi, Suriye H\u00fck\u00fcmeti, Filistin Kurtulu\u015f \u00d6rg\u00fct\u00fc ve BM Filistinli-Arap M\u00fcltecileri \u00c7al\u0131\u015ft\u0131rma Ajans\u0131 UNRWA\u2019n\u0131n i\u015fbirli\u011fi i\u00e7erisinde Yerm\u00fck Semtinde yard\u0131m da\u011f\u0131t\u0131mlar\u0131n\u0131n yeniden ba\u015flad\u0131\u011f\u0131n\u0131 a\u00e7\u0131klad\u0131.<\/p>\n<p>Bug\u00fcn SANA\u2019ya bir a\u00e7\u0131klama yapan Abd\u00fclhadi, silahl\u0131 ter\u00f6r gruplar\u0131n\u0131n sald\u0131r\u0131lar\u0131 nedeniyle \u00fc\u00e7 ayd\u0131r aksayan yard\u0131m da\u011f\u0131t\u0131mlar\u0131n\u0131n yeniden ba\u015flad\u0131\u011f\u0131n\u0131 ifade ederek sa\u011flad\u0131\u011f\u0131 kolayl\u0131klar ve yard\u0131m ula\u015ft\u0131r\u0131lmas\u0131nda sergiledi\u011fi \u00e7aba nedeniyle Suriye h\u00fck\u00fcmetine te\u015fekk\u00fcrlerini sundu.<\/p>\n<p>Yerm\u00fck semtindeki ihtiya\u00e7 sahiplerine yard\u0131m ula\u015ft\u0131rmak i\u00e7in b\u00fcy\u00fck \u00e7abalar harcand\u0131\u011f\u0131na i\u015faret eden Abd\u00fclhadi; bug\u00fcn yap\u0131lan \u00e7al\u0131\u015fmalar kapsam\u0131nda 500 adet g\u0131da sepetinin ihtiya\u00e7 sahiplerine ula\u015ft\u0131r\u0131ld\u0131\u011f\u0131n\u0131 ve da\u011f\u0131t\u0131mlar\u0131n devam edece\u011fini belirtti.<\/p>\n<p>Bilinece\u011fi \u00fczere Filistin Kurtulu\u015f \u00d6rg\u00fct\u00fc ve UNRWA\u2019n\u0131n Suriye H\u00fck\u00fcmetinden ald\u0131klar\u0131 destekle Yerm\u00fck semtinde ya\u015fayan ter\u00f6r ma\u011fdurlar\u0131na ge\u00e7ti\u011fimiz y\u0131l i\u00e7erisinde 55 bin g\u0131da paketi ve 11 bin sa\u011fl\u0131k paketi da\u011f\u0131t\u0131ld\u0131.<\/p>\n<p>F.B. &#8211; R.H.<\/p>\n","protected":false},"excerpt":{"rendered":"<p>\u015eAM \u2013 Filistin Kurtulu\u015f \u00d6rg\u00fct\u00fc Siyasi Daire M\u00fcd\u00fcr\u00fc Enver Abd\u00fclhadi, Suriye H\u00fck\u00fcmeti, Filistin Kurtulu\u015f \u00d6rg\u00fct\u00fc ve BM Filistinli-Arap M\u00fcltecileri \u00c7al\u0131\u015ft\u0131rma Ajans\u0131 UNRWA\u2019n\u0131n i\u015fbirli\u011fi i\u00e7erisinde Yerm\u00fck Semtinde yard\u0131m da\u011f\u0131t\u0131mlar\u0131n\u0131n yeniden ba\u015flad\u0131\u011f\u0131n\u0131 a\u00e7\u0131klad\u0131. Bug\u00fcn SANA\u2019ya bir a\u00e7\u0131klama yapan Abd\u00fclhadi, silahl\u0131 ter\u00f6r gruplar\u0131n\u0131n sald\u0131r\u0131lar\u0131 nedeniyle \u00fc\u00e7 ayd\u0131r aksayan yard\u0131m da\u011f\u0131t\u0131mlar\u0131n\u0131n yeniden ba\u015flad\u0131\u011f\u0131n\u0131 ifade ederek sa\u011flad\u0131\u011f\u0131 kolayl\u0131klar ve yard\u0131m &hellip;<\/p>\n","protected":false},"author":1,"featured_media":25730,"comment_status":"closed","ping_status":"closed","sticky":false,"template":"","format":"standard","meta":{"footnotes":""},"categories":[479,478],"tags":[12241,12240,12239],"class_list":["post-25734","post","type-post","status-publish","format-standard","has-post-thumbnail","","category-haberler-yerel","category-yerel","tag-filistin-kurtulus-orgutu-ve-bm-filistinli-arap-multecileri-calistirma-ajansi-unrwanin-isbirligi-icerisinde-yermuk-semtinde-yardim-dagitimlarinin-yeniden-basladigini-acikladi","tag-suriye-hukumeti","tag-uc-aylik-aksamadan-sonra-yermukte-yardim-dagitimlari-yeniden-basladi-sam-filistin-kurtulus-orgutu-siyasi-daire-muduru-enver-abdulhadi"],"_links":{"self":[{"href":"https:\/\/archive.sana.sy\/tr\/index.php?rest_route=\/wp\/v2\/posts\/25734","targetHints":{"allow":["GET"]}}],"collection":[{"href":"https:\/\/archive.sana.sy\/tr\/index.php?rest_route=\/wp\/v2\/posts"}],"about":[{"href":"https:\/\/archive.sana.sy\/tr\/index.php?rest_route=\/wp\/v2\/types\/post"}],"author":[{"embeddable":true,"href":"https:\/\/archive.sana.sy\/tr\/index.php?rest_route=\/wp\/v2\/users\/1"}],"replies":[{"embeddable":true,"href":"https:\/\/archive.sana.sy\/tr\/index.php?rest_route=%2Fwp%2Fv2%2Fcomments&post=25734"}],"version-history":[{"count":0,"href":"https:\/\/archive.sana.sy\/tr\/index.php?rest_route=\/wp\/v2\/posts\/25734\/revisions"}],"wp:featuredmedia":[{"embeddable":true,"href":"https:\/\/archive.sana.sy\/tr\/index.php?rest_route=\/wp\/v2\/media\/25730"}],"wp:attachment":[{"href":"https:\/\/archive.sana.sy\/tr\/index.php?rest_route=%2Fwp%2Fv2%2Fmedia&parent=25734"}],"wp:term":[{"taxonomy":"category","embeddable":true,"href":"https:\/\/archive.sana.sy\/tr\/index.php?rest_route=%2Fwp%2Fv2%2Fcategories&post=25734"},{"taxonomy":"post_tag","embeddable":true,"href":"https:\/\/archive.sana.sy\/tr\/index.php?rest_route=%2Fwp%2Fv2%2Ftags&post=25734"}],"curies":[{"name":"wp","href":"https:\/\/api.w.org\/{rel}","templated":true}]}}