{"id":257341,"date":"2022-06-20T09:31:44","date_gmt":"2022-06-20T06:31:44","guid":{"rendered":"http:\/\/107.6.182.27\/tr\/?p=257341"},"modified":"2022-06-21T08:23:21","modified_gmt":"2022-06-21T05:23:21","slug":"israil-isgal-guclerinin-kursunlaryila-2-filistinli-yaralandi","status":"publish","type":"post","link":"https:\/\/archive.sana.sy\/tr\/?p=257341","title":{"rendered":"\u0130srail \u0130\u015fgal G\u00fc\u00e7lerinin Kur\u015funlar\u0131yla 2 Filistinli Yaraland\u0131"},"content":{"rendered":"<p>\u0130\u015eGAL ED\u0130LEN KUD\u00dcS \u2013 \u0130srail i\u015fgal g\u00fc\u00e7leri, Bat\u0131 Yaka&#8217;daki Beyt Lahm kentinin farkl\u0131 b\u00f6lgelerine bask\u0131n d\u00fczenledi ve 2 Filistinli yaralad\u0131 ve 3 ki\u015fi de tutuklad\u0131.<\/p>\n<p>Filistinli WAFA Haber Ajans\u0131, \u0130srail i\u015fgal g\u00fc\u00e7lerinin, Beyt Lahm kentinin g\u00fcneyindeki Dhe\u015feh kamp\u0131na ate\u015f a\u00e7arken bask\u0131n d\u00fczenledi\u011fini belirtirken, bunu iki gencin yaralanmas\u0131na ve iki ki\u015finin de tutuklamas\u0131na yol a\u00e7t\u0131\u011f\u0131na i\u015faret etti.<\/p>\n<p>\u0130\u015fgal g\u00fc\u00e7leri Beyt Lahm kentinin do\u011fusundaki Handaza b\u00f6lgesine bask\u0131n d\u00fczenleyip bir genci tutuklad\u0131.<\/p>\n<p><a class=\"oajrlxb2 g5ia77u1 qu0x051f esr5mh6w e9989ue4 r7d6kgcz rq0escxv nhd2j8a9 nc684nl6 p7hjln8o kvgmc6g5 cxmmr5t8 oygrvhab hcukyx3x jb3vyjys rz4wbd8a qt6c0cv9 a8nywdso i1ao9s8h esuyzwwr f1sip0of lzcic4wl gpro0wi8 q66pz984 b1v8xokw\" tabindex=\"0\" role=\"link\" href=\"https:\/\/www.facebook.com\/hashtag\/telegram_kanal%C4%B1m%C4%B1z?__eep__=6&amp;__cft__[0]=AZXgr8aEICfgvY9wkVXDoX7swn_o5jYN_0ETOm4JtjpTUCAxfwXg83vGgO3e_MzzJbbUDKv86D-Zu6sVcZNHZgW3wpAiZHGuWTXyqAtm6iWImALDeSgcXwWwcf4wAKnwOsl1OpqXSJp8MI3bvYXyxQCrdfyi9KRfcjiyElFxyNNYJQ&amp;__tn__=*NK-R\">#Telegram_Kanal\u0131m\u0131z<\/a>: <a class=\"oajrlxb2 g5ia77u1 qu0x051f esr5mh6w e9989ue4 r7d6kgcz rq0escxv nhd2j8a9 nc684nl6 p7hjln8o kvgmc6g5 cxmmr5t8 oygrvhab hcukyx3x jb3vyjys rz4wbd8a qt6c0cv9 a8nywdso i1ao9s8h esuyzwwr f1sip0of lzcic4wl gpro0wi8 py34i1dx\" tabindex=\"0\" role=\"link\" href=\"https:\/\/t.me\/SuriyeArapHaberAjans?fbclid=IwAR2ERrZ-xjiWNACLlokXYwBCkm_cs8uzGSH4aPDp0conQHBWb1DNl1Y7x7w\" target=\"_blank\" rel=\"nofollow noopener\">https:\/\/t.me\/SuriyeArapHaberAjans<\/a><\/p>\n","protected":false},"excerpt":{"rendered":"<p>\u0130\u015eGAL ED\u0130LEN KUD\u00dcS \u2013 \u0130srail i\u015fgal g\u00fc\u00e7leri, Bat\u0131 Yaka&#8217;daki Beyt Lahm kentinin farkl\u0131 b\u00f6lgelerine bask\u0131n d\u00fczenledi ve 2 Filistinli yaralad\u0131 ve 3 ki\u015fi de tutuklad\u0131. Filistinli WAFA Haber Ajans\u0131, \u0130srail i\u015fgal g\u00fc\u00e7lerinin, Beyt Lahm kentinin g\u00fcneyindeki Dhe\u015feh kamp\u0131na ate\u015f a\u00e7arken bask\u0131n d\u00fczenledi\u011fini belirtirken, bunu iki gencin yaralanmas\u0131na ve iki ki\u015finin de tutuklamas\u0131na yol a\u00e7t\u0131\u011f\u0131na i\u015faret &hellip;<\/p>\n","protected":false},"author":39,"featured_media":257342,"comment_status":"closed","ping_status":"closed","sticky":false,"template":"","format":"standard","meta":{"footnotes":""},"categories":[458,459,17988],"tags":[],"class_list":["post-257341","post","type-post","status-publish","format-standard","has-post-thumbnail","","category-dunya1","category-haberler-arap-uluslararasi-politika","category-son-haberler"],"_links":{"self":[{"href":"https:\/\/archive.sana.sy\/tr\/index.php?rest_route=\/wp\/v2\/posts\/257341","targetHints":{"allow":["GET"]}}],"collection":[{"href":"https:\/\/archive.sana.sy\/tr\/index.php?rest_route=\/wp\/v2\/posts"}],"about":[{"href":"https:\/\/archive.sana.sy\/tr\/index.php?rest_route=\/wp\/v2\/types\/post"}],"author":[{"embeddable":true,"href":"https:\/\/archive.sana.sy\/tr\/index.php?rest_route=\/wp\/v2\/users\/39"}],"replies":[{"embeddable":true,"href":"https:\/\/archive.sana.sy\/tr\/index.php?rest_route=%2Fwp%2Fv2%2Fcomments&post=257341"}],"version-history":[{"count":0,"href":"https:\/\/archive.sana.sy\/tr\/index.php?rest_route=\/wp\/v2\/posts\/257341\/revisions"}],"wp:featuredmedia":[{"embeddable":true,"href":"https:\/\/archive.sana.sy\/tr\/index.php?rest_route=\/wp\/v2\/media\/257342"}],"wp:attachment":[{"href":"https:\/\/archive.sana.sy\/tr\/index.php?rest_route=%2Fwp%2Fv2%2Fmedia&parent=257341"}],"wp:term":[{"taxonomy":"category","embeddable":true,"href":"https:\/\/archive.sana.sy\/tr\/index.php?rest_route=%2Fwp%2Fv2%2Fcategories&post=257341"},{"taxonomy":"post_tag","embeddable":true,"href":"https:\/\/archive.sana.sy\/tr\/index.php?rest_route=%2Fwp%2Fv2%2Ftags&post=257341"}],"curies":[{"name":"wp","href":"https:\/\/api.w.org\/{rel}","templated":true}]}}