{"id":257383,"date":"2022-06-20T17:09:31","date_gmt":"2022-06-20T14:09:31","guid":{"rendered":"http:\/\/107.6.182.27\/tr\/?p=257383"},"modified":"2022-06-22T09:46:40","modified_gmt":"2022-06-22T06:46:40","slug":"yerel-yonetim-bakani-iran-buyukelcisi-ile-cevre-alaninda-isbirligi-iliskilerini-ele-aldi","status":"publish","type":"post","link":"https:\/\/archive.sana.sy\/tr\/?p=257383","title":{"rendered":"Yerel Y\u00f6netim Bakan\u0131, \u0130ran B\u00fcy\u00fckel\u00e7isi \u0130le \u00c7evre Alan\u0131nda \u0130\u015fbirli\u011fi \u0130li\u015fkilerini Ele Ald\u0131"},"content":{"rendered":"<p style=\"text-align: justify;\">\u015eAM &#8211; Yerel Y\u00f6netim ve \u00c7evre Bakan\u0131 H\u00fcseyin Mahluf, \u0130ran \u0130slam Cumhuriyeti&#8217;nin \u015eam B\u00fcy\u00fckel\u00e7isi Mehdi Subhani ile iki dost \u00fclke aras\u0131ndaki \u00e7evre ve yerel idare alanlar\u0131nda i\u015fbirli\u011fi ufuklar\u0131n\u0131 geli\u015ftirmenin ve geni\u015fletmenin yollar\u0131n\u0131 g\u00f6r\u00fc\u015ft\u00fc.<\/p>\n<p style=\"text-align: justify;\">Bakan Mahluf, yerel, b\u00f6lgesel ve k\u00fcresel \u00f6l\u00e7ekte h\u0131zl\u0131 eylem ve ortak \u00e7aba gerektiren iklim de\u011fi\u015fikli\u011finin olumsuz etkilerini azaltmak i\u00e7in bakanl\u0131\u011f\u0131n ilgili makamlarla koordineli olarak ald\u0131\u011f\u0131 \u00f6nlemlere at\u0131fta bulundu. \u0130ran ile mutabakat zapt\u0131 imzaland\u0131ktan sonra bu alanda, \u0130ran&#8217;daki \u00c7evre Koruma \u00d6rg\u00fct\u00fc ile \u00e7evreyi korumak, do\u011fay\u0131 korumak ve kum ve toz f\u0131rt\u0131nalar\u0131 olgusuyla m\u00fccadele etmek ve azaltmak i\u00e7in, \u0130ran ile mevcut koordinasyonun \u00f6nemine i\u015faret etti,<\/p>\n<p style=\"text-align: justify;\">Mahluf, kat\u0131 at\u0131k y\u00f6netimi alan\u0131nda \u0130ran&#8217;\u0131n yerel y\u00f6netim ve belediyeler alan\u0131ndaki deneyimlerinden yararlanarak ortak i\u015fbirli\u011fi olas\u0131l\u0131\u011f\u0131n\u0131 ve iki \u00fclke aras\u0131nda deneyim al\u0131\u015fveri\u015finde bulunma olas\u0131l\u0131\u011f\u0131n\u0131 dile getirdi.<\/p>\n<p style=\"text-align: justify;\">Kendi y\u00f6n\u00fcnden Subhani ise \u00fclkesinin ikili i\u015fbirli\u011fi ili\u015fkilerini geli\u015ftirme ve ilerletme arzusunu dile getirerek, \u00e7evre konusunun iki \u00fclke aras\u0131nda \u00fczerinde \u00e7al\u0131\u015f\u0131lmas\u0131 ve geli\u015ftirilmesi gereken \u00f6nemli konulardan biri oldu\u011funu vurgulad\u0131.<\/p>\n","protected":false},"excerpt":{"rendered":"<p>\u015eAM &#8211; Yerel Y\u00f6netim ve \u00c7evre Bakan\u0131 H\u00fcseyin Mahluf, \u0130ran \u0130slam Cumhuriyeti&#8217;nin \u015eam B\u00fcy\u00fckel\u00e7isi Mehdi Subhani ile iki dost \u00fclke aras\u0131ndaki \u00e7evre ve yerel idare alanlar\u0131nda i\u015fbirli\u011fi ufuklar\u0131n\u0131 geli\u015ftirmenin ve geni\u015fletmenin yollar\u0131n\u0131 g\u00f6r\u00fc\u015ft\u00fc. Bakan Mahluf, yerel, b\u00f6lgesel ve k\u00fcresel \u00f6l\u00e7ekte h\u0131zl\u0131 eylem ve ortak \u00e7aba gerektiren iklim de\u011fi\u015fikli\u011finin olumsuz etkilerini azaltmak i\u00e7in bakanl\u0131\u011f\u0131n ilgili makamlarla &hellip;<\/p>\n","protected":false},"author":1,"featured_media":257384,"comment_status":"closed","ping_status":"closed","sticky":false,"template":"","format":"standard","meta":{"footnotes":""},"categories":[479,17988,478],"tags":[],"class_list":["post-257383","post","type-post","status-publish","format-standard","has-post-thumbnail","","category-haberler-yerel","category-son-haberler","category-yerel"],"_links":{"self":[{"href":"https:\/\/archive.sana.sy\/tr\/index.php?rest_route=\/wp\/v2\/posts\/257383","targetHints":{"allow":["GET"]}}],"collection":[{"href":"https:\/\/archive.sana.sy\/tr\/index.php?rest_route=\/wp\/v2\/posts"}],"about":[{"href":"https:\/\/archive.sana.sy\/tr\/index.php?rest_route=\/wp\/v2\/types\/post"}],"author":[{"embeddable":true,"href":"https:\/\/archive.sana.sy\/tr\/index.php?rest_route=\/wp\/v2\/users\/1"}],"replies":[{"embeddable":true,"href":"https:\/\/archive.sana.sy\/tr\/index.php?rest_route=%2Fwp%2Fv2%2Fcomments&post=257383"}],"version-history":[{"count":0,"href":"https:\/\/archive.sana.sy\/tr\/index.php?rest_route=\/wp\/v2\/posts\/257383\/revisions"}],"wp:featuredmedia":[{"embeddable":true,"href":"https:\/\/archive.sana.sy\/tr\/index.php?rest_route=\/wp\/v2\/media\/257384"}],"wp:attachment":[{"href":"https:\/\/archive.sana.sy\/tr\/index.php?rest_route=%2Fwp%2Fv2%2Fmedia&parent=257383"}],"wp:term":[{"taxonomy":"category","embeddable":true,"href":"https:\/\/archive.sana.sy\/tr\/index.php?rest_route=%2Fwp%2Fv2%2Fcategories&post=257383"},{"taxonomy":"post_tag","embeddable":true,"href":"https:\/\/archive.sana.sy\/tr\/index.php?rest_route=%2Fwp%2Fv2%2Ftags&post=257383"}],"curies":[{"name":"wp","href":"https:\/\/api.w.org\/{rel}","templated":true}]}}