{"id":257386,"date":"2022-06-20T17:20:02","date_gmt":"2022-06-20T14:20:02","guid":{"rendered":"http:\/\/107.6.182.27\/tr\/?p=257386"},"modified":"2022-06-22T09:46:49","modified_gmt":"2022-06-22T06:46:49","slug":"rusya-turk-rejiminin-suriye-topraklarinda-yeni-saldiri-baslatmasini-onlemedeki-cabalarini-surdurecek","status":"publish","type":"post","link":"https:\/\/archive.sana.sy\/tr\/?p=257386","title":{"rendered":"Rusya, T\u00fcrk Rejiminin Suriye Topraklar\u0131nda Yeni Sald\u0131r\u0131 Ba\u015flatmas\u0131n\u0131 \u00d6nlemedeki \u00c7abalar\u0131n\u0131 S\u00fcrd\u00fcrecek"},"content":{"rendered":"<p style=\"text-align: justify;\">MOSKOVA &#8211; Rusya Devlet Ba\u015fkan\u0131 Ortado\u011fu ve Afrika \u0130\u015flerinden Sorumlu \u00d6zel Temsilcisi D\u0131\u015fi\u015fleri Bakan Yard\u0131mc\u0131s\u0131 Mihail Bogdanov bug\u00fcn Moskova&#8217;n\u0131n T\u00fcrk rejiminin Suriye topraklar\u0131nda yeni bir sald\u0131r\u0131 ba\u015flatmas\u0131n\u0131 engellemek i\u00e7in \u00e7abalar\u0131n\u0131 s\u00fcrd\u00fcrece\u011fini do\u011frulad\u0131.<\/p>\n<p style=\"text-align: justify;\">RIA Novosti haber ajans\u0131n\u0131n aktard\u0131\u011f\u0131na g\u00f6re Bogdanov bug\u00fcn yapt\u0131\u011f\u0131 bas\u0131n a\u00e7\u0131klamas\u0131nda; T\u00fcrklerle temaslar\u0131m\u0131z\u0131 s\u00fcrd\u00fcr\u00fcyoruz, siyasi ve diplomatik bir anla\u015fmaya varmay\u0131 umuyoruz, dedi.<\/p>\n<p style=\"text-align: justify;\">Bogdanov, Suriye&#8217;deki krizle ilgili taraflar\u0131n anayasay\u0131 g\u00f6r\u00fc\u015fmek \u00fczere bir komite toplant\u0131s\u0131n\u0131n yap\u0131laca\u011f\u0131 yeri Cenevre&#8217;den ba\u015fka bir yere ta\u015f\u0131ma olas\u0131l\u0131\u011f\u0131n\u0131 g\u00f6r\u00fc\u015ft\u00fcklerini belirterek, g\u00f6r\u00fc\u015fmelerin her \u015feyden \u00f6nce Suriye taraflar\u0131 aras\u0131nda ger\u00e7ekle\u015fti\u011fine dikkati \u00e7ekti.<\/p>\n","protected":false},"excerpt":{"rendered":"<p>MOSKOVA &#8211; Rusya Devlet Ba\u015fkan\u0131 Ortado\u011fu ve Afrika \u0130\u015flerinden Sorumlu \u00d6zel Temsilcisi D\u0131\u015fi\u015fleri Bakan Yard\u0131mc\u0131s\u0131 Mihail Bogdanov bug\u00fcn Moskova&#8217;n\u0131n T\u00fcrk rejiminin Suriye topraklar\u0131nda yeni bir sald\u0131r\u0131 ba\u015flatmas\u0131n\u0131 engellemek i\u00e7in \u00e7abalar\u0131n\u0131 s\u00fcrd\u00fcrece\u011fini do\u011frulad\u0131. RIA Novosti haber ajans\u0131n\u0131n aktard\u0131\u011f\u0131na g\u00f6re Bogdanov bug\u00fcn yapt\u0131\u011f\u0131 bas\u0131n a\u00e7\u0131klamas\u0131nda; T\u00fcrklerle temaslar\u0131m\u0131z\u0131 s\u00fcrd\u00fcr\u00fcyoruz, siyasi ve diplomatik bir anla\u015fmaya varmay\u0131 umuyoruz, dedi. Bogdanov, &hellip;<\/p>\n","protected":false},"author":1,"featured_media":257387,"comment_status":"closed","ping_status":"closed","sticky":false,"template":"","format":"standard","meta":{"footnotes":""},"categories":[458,459,17988],"tags":[],"class_list":["post-257386","post","type-post","status-publish","format-standard","has-post-thumbnail","","category-dunya1","category-haberler-arap-uluslararasi-politika","category-son-haberler"],"_links":{"self":[{"href":"https:\/\/archive.sana.sy\/tr\/index.php?rest_route=\/wp\/v2\/posts\/257386","targetHints":{"allow":["GET"]}}],"collection":[{"href":"https:\/\/archive.sana.sy\/tr\/index.php?rest_route=\/wp\/v2\/posts"}],"about":[{"href":"https:\/\/archive.sana.sy\/tr\/index.php?rest_route=\/wp\/v2\/types\/post"}],"author":[{"embeddable":true,"href":"https:\/\/archive.sana.sy\/tr\/index.php?rest_route=\/wp\/v2\/users\/1"}],"replies":[{"embeddable":true,"href":"https:\/\/archive.sana.sy\/tr\/index.php?rest_route=%2Fwp%2Fv2%2Fcomments&post=257386"}],"version-history":[{"count":0,"href":"https:\/\/archive.sana.sy\/tr\/index.php?rest_route=\/wp\/v2\/posts\/257386\/revisions"}],"wp:featuredmedia":[{"embeddable":true,"href":"https:\/\/archive.sana.sy\/tr\/index.php?rest_route=\/wp\/v2\/media\/257387"}],"wp:attachment":[{"href":"https:\/\/archive.sana.sy\/tr\/index.php?rest_route=%2Fwp%2Fv2%2Fmedia&parent=257386"}],"wp:term":[{"taxonomy":"category","embeddable":true,"href":"https:\/\/archive.sana.sy\/tr\/index.php?rest_route=%2Fwp%2Fv2%2Fcategories&post=257386"},{"taxonomy":"post_tag","embeddable":true,"href":"https:\/\/archive.sana.sy\/tr\/index.php?rest_route=%2Fwp%2Fv2%2Ftags&post=257386"}],"curies":[{"name":"wp","href":"https:\/\/api.w.org\/{rel}","templated":true}]}}