{"id":257410,"date":"2022-06-20T18:51:49","date_gmt":"2022-06-20T15:51:49","guid":{"rendered":"http:\/\/107.6.182.27\/tr\/?p=257410"},"modified":"2022-06-22T09:42:06","modified_gmt":"2022-06-22T06:42:06","slug":"hasekeli-ahali-amerikan-isgal-guclerinin-bir-konvoyunu-kovdu","status":"publish","type":"post","link":"https:\/\/archive.sana.sy\/tr\/?p=257410","title":{"rendered":"Hasekeli Ahali, Amerikan \u0130\u015fgal G\u00fc\u00e7lerinin Bir Konvoyunu Kovdu"},"content":{"rendered":"<p>HASEKE \u2013 Kam\u0131\u015fl\u0131\u2019ya ba\u011fl\u0131 Tel Esved k\u00f6y ahalisi, Amerikan i\u015fgal kuvvetlerine ait askeri ara\u00e7 konvoyunun \u00f6n\u00fcn\u00fc keserek k\u00f6ylerinin \u00e7evresinden ge\u00e7mesini engelledi ve b\u00f6lgeden kovdu.<\/p>\n<p>SANA Haseke muhabiri, Tel Esved k\u00f6y\u00fc halk\u0131n\u0131n, d\u00f6rt askeri z\u0131rhl\u0131 ara\u00e7tan olu\u015fan konvoyun \u00f6n\u00fcn\u00fc keserek, b\u00f6lgeden uzakla\u015ft\u0131rd\u0131\u011f\u0131n\u0131 ve geri \u00e7ekilmeye zorlad\u0131\u011f\u0131n\u0131 bildirdi.<\/p>\n<p><a class=\"oajrlxb2 g5ia77u1 qu0x051f esr5mh6w e9989ue4 r7d6kgcz rq0escxv nhd2j8a9 nc684nl6 p7hjln8o kvgmc6g5 cxmmr5t8 oygrvhab hcukyx3x jb3vyjys rz4wbd8a qt6c0cv9 a8nywdso i1ao9s8h esuyzwwr f1sip0of lzcic4wl gpro0wi8 q66pz984 b1v8xokw\" tabindex=\"0\" role=\"link\" href=\"https:\/\/www.facebook.com\/hashtag\/telegram_kanal%C4%B1m%C4%B1z?__eep__=6&amp;__cft__[0]=AZXGy-noHpIVxm_30rYxkGsMDdaW6phat6SvBHmHuaaHWOSCMLW4gPabzrMJs5V8R7WyqzTcvPHGtZ-fVYD4Sdof3Yb83TkHq64BtpFFPV4P2BrYrhnHXDZhOSz-kgAH_HLc5o8q_eN5EFJky4lzwocizm7863NcwI9HHmY0Be8jlQ&amp;__tn__=*NK-R\">#Telegram_Kanal\u0131m\u0131z<\/a>: <a class=\"oajrlxb2 g5ia77u1 qu0x051f esr5mh6w e9989ue4 r7d6kgcz rq0escxv nhd2j8a9 nc684nl6 p7hjln8o kvgmc6g5 cxmmr5t8 oygrvhab hcukyx3x jb3vyjys rz4wbd8a qt6c0cv9 a8nywdso i1ao9s8h esuyzwwr f1sip0of lzcic4wl gpro0wi8 py34i1dx\" tabindex=\"0\" role=\"link\" href=\"https:\/\/t.me\/SuriyeArapHaberAjans?fbclid=IwAR3VuX6cnB4J7RCH3AafyyEq2ooly793uqVi4rB-bt8PYijvP1ie3MPVOCU\" target=\"_blank\" rel=\"nofollow noopener\">https:\/\/t.me\/SuriyeArapHaberAjans<\/a><\/p>\n<p>&nbsp;<\/p>\n","protected":false},"excerpt":{"rendered":"<p>HASEKE \u2013 Kam\u0131\u015fl\u0131\u2019ya ba\u011fl\u0131 Tel Esved k\u00f6y ahalisi, Amerikan i\u015fgal kuvvetlerine ait askeri ara\u00e7 konvoyunun \u00f6n\u00fcn\u00fc keserek k\u00f6ylerinin \u00e7evresinden ge\u00e7mesini engelledi ve b\u00f6lgeden kovdu. SANA Haseke muhabiri, Tel Esved k\u00f6y\u00fc halk\u0131n\u0131n, d\u00f6rt askeri z\u0131rhl\u0131 ara\u00e7tan olu\u015fan konvoyun \u00f6n\u00fcn\u00fc keserek, b\u00f6lgeden uzakla\u015ft\u0131rd\u0131\u011f\u0131n\u0131 ve geri \u00e7ekilmeye zorlad\u0131\u011f\u0131n\u0131 bildirdi. #Telegram_Kanal\u0131m\u0131z: https:\/\/t.me\/SuriyeArapHaberAjans &nbsp;<\/p>\n","protected":false},"author":39,"featured_media":257419,"comment_status":"closed","ping_status":"closed","sticky":false,"template":"","format":"standard","meta":{"footnotes":""},"categories":[458,479,459,575,17988,478],"tags":[],"class_list":["post-257410","post","type-post","status-publish","format-standard","has-post-thumbnail","","category-dunya1","category-haberler-yerel","category-haberler-arap-uluslararasi-politika","category-olaylar-ve-gercekler","category-son-haberler","category-yerel"],"_links":{"self":[{"href":"https:\/\/archive.sana.sy\/tr\/index.php?rest_route=\/wp\/v2\/posts\/257410","targetHints":{"allow":["GET"]}}],"collection":[{"href":"https:\/\/archive.sana.sy\/tr\/index.php?rest_route=\/wp\/v2\/posts"}],"about":[{"href":"https:\/\/archive.sana.sy\/tr\/index.php?rest_route=\/wp\/v2\/types\/post"}],"author":[{"embeddable":true,"href":"https:\/\/archive.sana.sy\/tr\/index.php?rest_route=\/wp\/v2\/users\/39"}],"replies":[{"embeddable":true,"href":"https:\/\/archive.sana.sy\/tr\/index.php?rest_route=%2Fwp%2Fv2%2Fcomments&post=257410"}],"version-history":[{"count":0,"href":"https:\/\/archive.sana.sy\/tr\/index.php?rest_route=\/wp\/v2\/posts\/257410\/revisions"}],"wp:featuredmedia":[{"embeddable":true,"href":"https:\/\/archive.sana.sy\/tr\/index.php?rest_route=\/wp\/v2\/media\/257419"}],"wp:attachment":[{"href":"https:\/\/archive.sana.sy\/tr\/index.php?rest_route=%2Fwp%2Fv2%2Fmedia&parent=257410"}],"wp:term":[{"taxonomy":"category","embeddable":true,"href":"https:\/\/archive.sana.sy\/tr\/index.php?rest_route=%2Fwp%2Fv2%2Fcategories&post=257410"},{"taxonomy":"post_tag","embeddable":true,"href":"https:\/\/archive.sana.sy\/tr\/index.php?rest_route=%2Fwp%2Fv2%2Ftags&post=257410"}],"curies":[{"name":"wp","href":"https:\/\/api.w.org\/{rel}","templated":true}]}}