{"id":257414,"date":"2022-06-20T22:00:47","date_gmt":"2022-06-20T19:00:47","guid":{"rendered":"http:\/\/107.6.182.27\/tr\/?p=257414"},"modified":"2022-06-22T09:42:41","modified_gmt":"2022-06-22T06:42:41","slug":"halk-meclisinde-mikdad-suriyenin-dis-politikasi-ulusal-egemenlik-toprak-butunlugu-ve-isgal-altindaki-her-karisin-kurtarilmasi-onceliklerine-dayali-kalacaktir","status":"publish","type":"post","link":"https:\/\/archive.sana.sy\/tr\/?p=257414","title":{"rendered":"Halk Meclisi&#8217;nde Mikdad: ABD Ve T\u00fcrk \u0130\u015fgal G\u00fc\u00e7leri T\u00fcm Suriye Topraklar\u0131n\u0131 Terk Etmeli"},"content":{"rendered":"<p>D\u0131\u015fi\u015fleri ve Gurbet\u00e7iler Bakan\u0131 Feysal El Mikdad, Halk Meclisi (parlamento) huzurunda, Suriye d\u0131\u015f politikas\u0131n\u0131n ulusal egemenlik, ba\u011f\u0131ms\u0131zl\u0131k ve toprak b\u00fct\u00fcnl\u00fc\u011f\u00fc ile i\u015fgal alt\u0131ndaki her kar\u0131\u015f\u0131n kurtar\u0131lmas\u0131na ek olarak, ter\u00f6r gruplar\u0131n tamamen ortadan kald\u0131r\u0131lmas\u0131 ve b\u00f6l\u00fcnme projelerinin reddedilmesine \u00f6ncelik vermeye devam edece\u011fini belirtti.<\/p>\n<p>D\u0131\u015fi\u015fleri Bakan\u0131, Suriye&#8217;nin karde\u015f Arap \u00fclkeleri ve t\u00fcm d\u00fcnya ile egemenlik, ba\u011f\u0131ms\u0131zl\u0131k ve i\u00e7i\u015flerine kar\u0131\u015fmama ilkelerine sayg\u0131 temelinde sa\u011flam ve yap\u0131c\u0131 ili\u015fkiler s\u00fcrd\u00fcrmeyi istedi\u011fini s\u00f6yledi.<\/p>\n<p>D\u0131\u015fi\u015fleri Bakanl\u0131\u011f\u0131&#8217;n\u0131n Cumhurba\u015fkan\u0131 Be\u015far Esad&#8217;\u0131n talimat\u0131yla Suriye halk\u0131na tek tarafl\u0131 bask\u0131 uygulayan h\u00fck\u00fcmetlerin maskesini d\u00fc\u015f\u00fcrmek i\u00e7in hi\u00e7bir \u00e7abadan ka\u00e7\u0131nmayaca\u011f\u0131n\u0131 vurgulad\u0131.<\/p>\n<p>Mikdad, baz\u0131 h\u00fck\u00fcmetle<img loading=\"lazy\" decoding=\"async\" class=\"size-medium wp-image-257415 alignright\" src=\"http:\/\/107.6.182.27\/tr\/wp-content\/uploads\/2022\/06\/2-14-300x200.jpg\" alt=\"\" width=\"300\" height=\"200\" srcset=\"https:\/\/archive.sana.sy\/tr\/wp-content\/uploads\/2022\/06\/2-14-300x200.jpg 300w, https:\/\/archive.sana.sy\/tr\/wp-content\/uploads\/2022\/06\/2-14-150x100.jpg 150w, https:\/\/archive.sana.sy\/tr\/wp-content\/uploads\/2022\/06\/2-14.jpg 660w\" sizes=\"auto, (max-width: 300px) 100vw, 300px\" \/>rin Suriye&#8217;deki ter\u00f6r \u00f6rg\u00fctlerine ve ayr\u0131l\u0131k\u00e7\u0131 milislere verdi\u011fi deste\u011fi, kaos, istikrars\u0131zl\u0131k ve y\u0131k\u0131c\u0131 m\u00fcdahale yaratma \u00e7abalar\u0131n\u0131n yan\u0131 s\u0131ra hara\u00e7 ve ekonomik ter\u00f6r politikalar\u0131n\u0131 k\u0131nad\u0131.<\/p>\n<p>Mikdad: Suriye, Arap ve uluslararas\u0131 ili\u015fkileri ve g\u00f6revleri \u00e7er\u00e7evesinde, yerel \u00f6zel sekt\u00f6rle ve yabanc\u0131 dost ve ortaklarla i\u015fbirli\u011fi i\u00e7inde, erken toparlanma, yeniden yap\u0131lanma ve s\u00fcrd\u00fcr\u00fclebilir kalk\u0131nma alanlar\u0131nda potansiyelini geri kazanmak i\u00e7in yo\u011fun \u00e7aba sarf ediyor, dedi.<\/p>\n<p>Bakan Mikdad, ba\u015fta bankac\u0131l\u0131k, havac\u0131l\u0131k, denizcilik, telekom\u00fcnikasyon, enerji ve petrol sekt\u00f6rleri olmak \u00fczere t\u00fcm tek tarafl\u0131 zorlay\u0131c\u0131 ekonomik yapt\u0131r\u0131mlar\u0131n derhal ve ko\u015fulsuz olarak kald\u0131r\u0131lmas\u0131 \u00e7a\u011fr\u0131s\u0131nda bulundu.<\/p>\n<p>Mikdad ayr\u0131ca, bir\u00e7ok dost \u00fclke ile ticari, ekonomik, end\u00fcstriyel ve tar\u0131msal i\u015fbirli\u011fi f\u0131rsatlar\u0131n\u0131 te\u015fvik etmek ve ABD taraf\u0131ndan kontrol edilen ticari, finansal ve bankac\u0131l\u0131k sistemlerini atlatmak i\u00e7in yenilik\u00e7i ve yarat\u0131c\u0131 y\u00f6ntemler olu\u015fturmak i\u00e7in \u00e7al\u0131\u015fmalar\u0131n yap\u0131ld\u0131\u011f\u0131n\u0131 s\u00f6yledi.<\/p>\n<p><span style=\"color: #0000ff;\">ABD Ve T\u00fcrk \u0130\u015fgal G\u00fc\u00e7leri T\u00fcm Suriye Topraklar\u0131n\u0131 Terk Etmeli<\/span><\/p>\n<p>Mikdad, i\u015fgalci ABD ve T\u00fcrk g\u00fc\u00e7lerinin t\u00fcm Suriye topraklar\u0131n\u0131 terk etmesi, Suriye devletinin bu b\u00f6lgeler \u00fczerindeki kontrol\u00fcn\u00fc yeniden kurmas\u0131, petrol ve benzin istasyonlar\u0131n\u0131 yeniden in\u015fa etmesi ve bak\u0131m\u0131n\u0131 yapmas\u0131 ve kaynaklar\u0131n\u0131 yaln\u0131zca Suriye halk\u0131n\u0131n yarar\u0131na y\u00f6nlendirmesi gerekti\u011fini, ayr\u0131l\u0131k\u00e7\u0131 gruplar\u0131n vatan \u00e7\u0131karlar\u0131na y\u00f6nelik komplolar\u0131n\u0131n onlar\u0131 d\u00fc\u015fman kategorisine soktu\u011funa ve tek se\u00e7eneklerinin ulusal vicdana d\u00f6nmek oldu\u011funu, \u00e7\u00fcnk\u00fc ABD&#8217;nin anavatan\u0131na kar\u015f\u0131 onunla ittifak yapan herkesi ba\u015far\u0131s\u0131zl\u0131\u011fa u\u011fratt\u0131\u011f\u0131n\u0131 ve d\u00fcnk\u00fc sald\u0131r\u0131lar\u0131n\u0131, Afganistanin da bunun kan\u0131t\u0131 oldu\u011funa i\u015faret etti.<\/p>\n<p><img loading=\"lazy\" decoding=\"async\" class=\"size-medium wp-image-257416 alignright\" src=\"http:\/\/107.6.182.27\/tr\/wp-content\/uploads\/2022\/06\/3-15-300x204.jpg\" alt=\"\" width=\"300\" height=\"204\" srcset=\"https:\/\/archive.sana.sy\/tr\/wp-content\/uploads\/2022\/06\/3-15-300x204.jpg 300w, https:\/\/archive.sana.sy\/tr\/wp-content\/uploads\/2022\/06\/3-15-150x102.jpg 150w, https:\/\/archive.sana.sy\/tr\/wp-content\/uploads\/2022\/06\/3-15-110x75.jpg 110w, https:\/\/archive.sana.sy\/tr\/wp-content\/uploads\/2022\/06\/3-15.jpg 660w\" sizes=\"auto, (max-width: 300px) 100vw, 300px\" \/>Mikdad: Son zamanlarda Cenevre&#8217;de yap\u0131lan anayasay\u0131 tart\u0131\u015fmak \u00fczere komitenin \u00e7al\u0131\u015fmalar\u0131n\u0131n sekizinci turunu izlediniz. Cumhurba\u015fkan\u0131&#8217;n\u0131n da vurgulad\u0131\u011f\u0131 gibi, halen bu komitenin \u00e7al\u0131\u015fmas\u0131n\u0131n \u00f6n\u00fcndeki temel a\u00e7maz\u0131n, Suriye&#8217;ye d\u0131\u015f m\u00fcdahale g\u00fcndemine hizmet etmek i\u00e7in fikir ileri s\u00fcrmekte veya kar\u015f\u0131t g\u00f6r\u00fc\u015fler ileri s\u00fcrmekte \u0131srar eden T\u00fcrkiye&#8217;nin ad\u0131n\u0131 verdi\u011fi bir partinin varl\u0131\u011f\u0131 oldu\u011funu g\u00f6r\u00fcyoruz. Suriye&#8217;de bar\u0131\u015f, adalet, istikrar, g\u00fcvenlik ve refah\u0131n h\u00fck\u00fcm s\u00fcrd\u00fc\u011f\u00fc daha iyi bir gelecek vizyonuyla t\u00fcm Suriyelilerin istek ve arzular\u0131na sayg\u0131 duymadan anayasay\u0131 yazma s\u00fcrecindedir dedi.<\/p>\n<p>Mikdad, Suriyelileri temsil etti\u011fini iddia eden ancak Amerikan ve Bat\u0131l\u0131 fikirleri, \u00e7\u0131karlar\u0131 ve planlar\u0131, hatta Siyonizmi, T\u00fcrkiye&#8217;yi ve M\u00fcsl\u00fcman Karde\u015fleri savunan partilerin oldu\u011funu, ba\u015far\u0131ya ula\u015fmalar\u0131 gereken bu taraflar\u0131n ise Suriye&#8217;de ter\u00f6r ve ter\u00f6r silah\u0131 kulland\u0131\u011f\u0131n\u0131, l\u00fcks bat\u0131 otellerinde ya\u015fayan ve vatan d\u00fc\u015fmanlar\u0131yla ileti\u015fim kuran ve onlardan Suriye halk\u0131na y\u00f6nelik cayd\u0131r\u0131c\u0131 tedbirlerin s\u0131k\u0131la\u015ft\u0131r\u0131lmas\u0131n\u0131 talep edenlerin, Suriye halk\u0131n\u0131n \u00e7\u0131karlar\u0131n\u0131, bug\u00fcnlerini ve gelece\u011fini endi\u015felendirdi\u011fi \u015feklindeki yanl\u0131\u015f iddias\u0131na kimse inanamaz, dedi.<\/p>\n<p>Mikdad, Suriye devletinin d\u0131\u015f ili\u015fkiler alan\u0131ndaki temel kayg\u0131s\u0131n\u0131n \u00fclke genelinde g\u00fcvenlik ve istikrar\u0131 yeniden sa\u011flamak oldu\u011funu, bu hedefin \u00f6nemli olmaya devam etti\u011fini ve Ba\u015fkan Be\u015f\u015far Esad&#8217;\u0131n vurgulad\u0131\u011f\u0131 gibi, i\u015fgal alt\u0131ndaki Suriye topraklar\u0131n\u0131n Suriye&#8217;nin askeri ve siyasi kurtulu\u015f planlar\u0131na tabi oldu\u011funu vurgulad\u0131\u011f\u0131 \u015feyler de dahil olmak \u00fczere \u00e7e\u015fitli siyasi ve saha izleriyle ba\u011flant\u0131l\u0131 oldu\u011funu, bu meselenin halledilece\u011fini, T\u00fcrkiye, ABD, (\u0130srail) veya ter\u00f6r \u00f6rg\u00fctlerinin i\u015fgal etti\u011fi her kar\u0131\u015f topra\u011f\u0131n kurtar\u0131laca\u011f\u0131n\u0131 vurgulad\u0131.<\/p>\n<p><a class=\"oajrlxb2 g5ia77u1 qu0x051f esr5mh6w e9989ue4 r7d6kgcz rq0escxv nhd2j8a9 nc684nl6 p7hjln8o kvgmc6g5 cxmmr5t8 oygrvhab hcukyx3x jb3vyjys rz4wbd8a qt6c0cv9 a8nywdso i1ao9s8h esuyzwwr f1sip0of lzcic4wl gpro0wi8 q66pz984 b1v8xokw\" tabindex=\"0\" role=\"link\" href=\"https:\/\/www.facebook.com\/hashtag\/telegram_kanal%C4%B1m%C4%B1z?__eep__=6&amp;__cft__[0]=AZX-OXDP89u1h30hDXHxS0HxVKYpcg1uKFbmovc-yJUJXN0VO6ZS2W1q-qlsOj9zKP6LOW4BZfbU-l6ZDZdXA5yVfz9y2gzmFV7EkJFnYjgPUZEflnzKJgdKmi2-btu70hmr2wDt_zPBBkmFtWN7ZtRh46utb7s50wV-bSSgU-jZe6PgLncoorGwC38XCz45gvg&amp;__tn__=*NK-R\">#Telegram_Kanal\u0131m\u0131z<\/a>:\u00a0<a class=\"oajrlxb2 g5ia77u1 qu0x051f esr5mh6w e9989ue4 r7d6kgcz rq0escxv nhd2j8a9 nc684nl6 p7hjln8o kvgmc6g5 cxmmr5t8 oygrvhab hcukyx3x jb3vyjys rz4wbd8a qt6c0cv9 a8nywdso i1ao9s8h esuyzwwr f1sip0of lzcic4wl gpro0wi8 py34i1dx\" tabindex=\"0\" role=\"link\" href=\"https:\/\/t.me\/SuriyeArapHaberAjans?fbclid=IwAR1baLV9l0VqFDoGiFtVKqXImCZeavz-dyBKEcLsBNkFnNSuPsQL19fXF4c\" target=\"_blank\" rel=\"nofollow noopener\">https:\/\/t.me\/SuriyeArapHaberAjans<\/a><\/p>\n","protected":false},"excerpt":{"rendered":"<p>D\u0131\u015fi\u015fleri ve Gurbet\u00e7iler Bakan\u0131 Feysal El Mikdad, Halk Meclisi (parlamento) huzurunda, Suriye d\u0131\u015f politikas\u0131n\u0131n ulusal egemenlik, ba\u011f\u0131ms\u0131zl\u0131k ve toprak b\u00fct\u00fcnl\u00fc\u011f\u00fc ile i\u015fgal alt\u0131ndaki her kar\u0131\u015f\u0131n kurtar\u0131lmas\u0131na ek olarak, ter\u00f6r gruplar\u0131n tamamen ortadan kald\u0131r\u0131lmas\u0131 ve b\u00f6l\u00fcnme projelerinin reddedilmesine \u00f6ncelik vermeye devam edece\u011fini belirtti. D\u0131\u015fi\u015fleri Bakan\u0131, Suriye&#8217;nin karde\u015f Arap \u00fclkeleri ve t\u00fcm d\u00fcnya ile egemenlik, ba\u011f\u0131ms\u0131zl\u0131k ve &hellip;<\/p>\n","protected":false},"author":36,"featured_media":257417,"comment_status":"closed","ping_status":"closed","sticky":false,"template":"","format":"standard","meta":{"footnotes":""},"categories":[479,17988,478],"tags":[],"class_list":["post-257414","post","type-post","status-publish","format-standard","has-post-thumbnail","","category-haberler-yerel","category-son-haberler","category-yerel"],"_links":{"self":[{"href":"https:\/\/archive.sana.sy\/tr\/index.php?rest_route=\/wp\/v2\/posts\/257414","targetHints":{"allow":["GET"]}}],"collection":[{"href":"https:\/\/archive.sana.sy\/tr\/index.php?rest_route=\/wp\/v2\/posts"}],"about":[{"href":"https:\/\/archive.sana.sy\/tr\/index.php?rest_route=\/wp\/v2\/types\/post"}],"author":[{"embeddable":true,"href":"https:\/\/archive.sana.sy\/tr\/index.php?rest_route=\/wp\/v2\/users\/36"}],"replies":[{"embeddable":true,"href":"https:\/\/archive.sana.sy\/tr\/index.php?rest_route=%2Fwp%2Fv2%2Fcomments&post=257414"}],"version-history":[{"count":0,"href":"https:\/\/archive.sana.sy\/tr\/index.php?rest_route=\/wp\/v2\/posts\/257414\/revisions"}],"wp:featuredmedia":[{"embeddable":true,"href":"https:\/\/archive.sana.sy\/tr\/index.php?rest_route=\/wp\/v2\/media\/257417"}],"wp:attachment":[{"href":"https:\/\/archive.sana.sy\/tr\/index.php?rest_route=%2Fwp%2Fv2%2Fmedia&parent=257414"}],"wp:term":[{"taxonomy":"category","embeddable":true,"href":"https:\/\/archive.sana.sy\/tr\/index.php?rest_route=%2Fwp%2Fv2%2Fcategories&post=257414"},{"taxonomy":"post_tag","embeddable":true,"href":"https:\/\/archive.sana.sy\/tr\/index.php?rest_route=%2Fwp%2Fv2%2Ftags&post=257414"}],"curies":[{"name":"wp","href":"https:\/\/api.w.org\/{rel}","templated":true}]}}