{"id":257466,"date":"2022-06-22T11:45:04","date_gmt":"2022-06-22T08:45:04","guid":{"rendered":"http:\/\/107.6.182.27\/tr\/?p=257466"},"modified":"2022-06-23T08:19:36","modified_gmt":"2022-06-23T05:19:36","slug":"antonov-rusya-ukraynada-gozaltina-alinan-amerikan-parali-askerleri-hakkinda-herhangi-bir-iletisim-almadi","status":"publish","type":"post","link":"https:\/\/archive.sana.sy\/tr\/?p=257466","title":{"rendered":"Antonov: Rusya, Ukrayna&#8217;da G\u00f6zalt\u0131na Al\u0131nan Amerikan Paral\u0131 Askerleri Hakk\u0131nda Herhangi Bir \u0130leti\u015fim Almad\u0131"},"content":{"rendered":"<p>WA\u015e\u0130NGTON \u2013 Rusya&#8217;n\u0131n Wa\u015fington B\u00fcy\u00fckel\u00e7isi Anatoly Antonov, b\u00fcy\u00fckel\u00e7ili\u011fin ABD taraf\u0131ndan Ukrayna&#8217;da g\u00f6zalt\u0131na al\u0131nan ABD&#8217;li paral\u0131 askerlerle ilgili herhangi bir resmi talep almad\u0131\u011f\u0131n\u0131 do\u011frulad\u0131.<\/p>\n<p>Rusya Bug\u00fcn, Antonov&#8217;dan naklen: &#8220;Kimse b\u00fcy\u00fckel\u00e7ilikle temasa ge\u00e7medi ve Amerikal\u0131lardan b\u00f6yle bir telefon ald\u0131\u011f\u0131m\u0131 belirtemem&#8221; dedi.<\/p>\n<p>ABD D\u0131\u015fi\u015fleri Bakanl\u0131\u011f\u0131 s\u00f6zc\u00fcs\u00fc Ned Prise ise d\u00fcn \u00fclkesinin Rusya&#8217;dan bu paral\u0131 askerler hakk\u0131nda bilgi istedi\u011fini ancak herhangi bir yan\u0131t alamad\u0131\u011f\u0131n\u0131 ve Rus makamlar\u0131yla do\u011frudan temas halinde oldu\u011funu iddia etmi\u015fti.<\/p>\n<p><a class=\"oajrlxb2 g5ia77u1 qu0x051f esr5mh6w e9989ue4 r7d6kgcz rq0escxv nhd2j8a9 nc684nl6 p7hjln8o kvgmc6g5 cxmmr5t8 oygrvhab hcukyx3x jb3vyjys rz4wbd8a qt6c0cv9 a8nywdso i1ao9s8h esuyzwwr f1sip0of lzcic4wl gpro0wi8 q66pz984 b1v8xokw\" tabindex=\"0\" role=\"link\" href=\"https:\/\/www.facebook.com\/hashtag\/telegram_kanal%C4%B1m%C4%B1z?__eep__=6&amp;__cft__[0]=AZWwFCMFDDnJkLkT5KaqcwZUyo9FVEWHgiOv30sXY0QJ6YkshsWX0sSJBP5GUR32IvDJZuWkt2gd_LykJ8dCirH64VTCmJ5A-zzNaAB8yNdh0dcC08VZIyX7iCF7yxMslgqPoRaqvQU707v-8Po1PZ37kow7aYFs03lu2XYWsbD1GQ&amp;__tn__=*NK-R\">#Telegram_Kanal\u0131m\u0131z<\/a>: <a class=\"oajrlxb2 g5ia77u1 qu0x051f esr5mh6w e9989ue4 r7d6kgcz rq0escxv nhd2j8a9 nc684nl6 p7hjln8o kvgmc6g5 cxmmr5t8 oygrvhab hcukyx3x jb3vyjys rz4wbd8a qt6c0cv9 a8nywdso i1ao9s8h esuyzwwr f1sip0of lzcic4wl gpro0wi8 py34i1dx\" tabindex=\"0\" role=\"link\" href=\"https:\/\/t.me\/SuriyeArapHaberAjans?fbclid=IwAR3YVAs1rXgppql6UnJphnzUwS2kq6eK4CPlELC2-jAP13fGfijPx6yYMF0\" target=\"_blank\" rel=\"nofollow noopener\">https:\/\/t.me\/SuriyeArapHaberAjans<\/a><\/p>\n","protected":false},"excerpt":{"rendered":"<p>WA\u015e\u0130NGTON \u2013 Rusya&#8217;n\u0131n Wa\u015fington B\u00fcy\u00fckel\u00e7isi Anatoly Antonov, b\u00fcy\u00fckel\u00e7ili\u011fin ABD taraf\u0131ndan Ukrayna&#8217;da g\u00f6zalt\u0131na al\u0131nan ABD&#8217;li paral\u0131 askerlerle ilgili herhangi bir resmi talep almad\u0131\u011f\u0131n\u0131 do\u011frulad\u0131. Rusya Bug\u00fcn, Antonov&#8217;dan naklen: &#8220;Kimse b\u00fcy\u00fckel\u00e7ilikle temasa ge\u00e7medi ve Amerikal\u0131lardan b\u00f6yle bir telefon ald\u0131\u011f\u0131m\u0131 belirtemem&#8221; dedi. ABD D\u0131\u015fi\u015fleri Bakanl\u0131\u011f\u0131 s\u00f6zc\u00fcs\u00fc Ned Prise ise d\u00fcn \u00fclkesinin Rusya&#8217;dan bu paral\u0131 askerler hakk\u0131nda bilgi istedi\u011fini &hellip;<\/p>\n","protected":false},"author":39,"featured_media":257467,"comment_status":"closed","ping_status":"closed","sticky":false,"template":"","format":"standard","meta":{"footnotes":""},"categories":[458,459,17988],"tags":[],"class_list":["post-257466","post","type-post","status-publish","format-standard","has-post-thumbnail","","category-dunya1","category-haberler-arap-uluslararasi-politika","category-son-haberler"],"_links":{"self":[{"href":"https:\/\/archive.sana.sy\/tr\/index.php?rest_route=\/wp\/v2\/posts\/257466","targetHints":{"allow":["GET"]}}],"collection":[{"href":"https:\/\/archive.sana.sy\/tr\/index.php?rest_route=\/wp\/v2\/posts"}],"about":[{"href":"https:\/\/archive.sana.sy\/tr\/index.php?rest_route=\/wp\/v2\/types\/post"}],"author":[{"embeddable":true,"href":"https:\/\/archive.sana.sy\/tr\/index.php?rest_route=\/wp\/v2\/users\/39"}],"replies":[{"embeddable":true,"href":"https:\/\/archive.sana.sy\/tr\/index.php?rest_route=%2Fwp%2Fv2%2Fcomments&post=257466"}],"version-history":[{"count":0,"href":"https:\/\/archive.sana.sy\/tr\/index.php?rest_route=\/wp\/v2\/posts\/257466\/revisions"}],"wp:featuredmedia":[{"embeddable":true,"href":"https:\/\/archive.sana.sy\/tr\/index.php?rest_route=\/wp\/v2\/media\/257467"}],"wp:attachment":[{"href":"https:\/\/archive.sana.sy\/tr\/index.php?rest_route=%2Fwp%2Fv2%2Fmedia&parent=257466"}],"wp:term":[{"taxonomy":"category","embeddable":true,"href":"https:\/\/archive.sana.sy\/tr\/index.php?rest_route=%2Fwp%2Fv2%2Fcategories&post=257466"},{"taxonomy":"post_tag","embeddable":true,"href":"https:\/\/archive.sana.sy\/tr\/index.php?rest_route=%2Fwp%2Fv2%2Ftags&post=257466"}],"curies":[{"name":"wp","href":"https:\/\/api.w.org\/{rel}","templated":true}]}}