{"id":257474,"date":"2022-06-22T13:16:13","date_gmt":"2022-06-22T10:16:13","guid":{"rendered":"http:\/\/107.6.182.27\/tr\/?p=257474"},"modified":"2022-06-23T08:19:50","modified_gmt":"2022-06-23T05:19:50","slug":"ordu-muhendislik-birimleri-deranin-bati-kirsalinda-teroristler-tarafindan-yerlestirilen-iki-bomba-duzenegini-patlatti","status":"publish","type":"post","link":"https:\/\/archive.sana.sy\/tr\/?p=257474","title":{"rendered":"Ordu M\u00fchendislik Birimleri, Dera&#8217;n\u0131n Bat\u0131 K\u0131rsal\u0131nda Ter\u00f6ristler Taraf\u0131ndan Yerle\u015ftirilen \u00a0\u0130ki Bomba D\u00fczene\u011fini Patlatt\u0131"},"content":{"rendered":"<p>DERA \u2013 Suriye Arap Ordusuna ait m\u00fchendislik birimleri, ter\u00f6ristlerin Dera&#8217;n\u0131n bat\u0131 k\u0131rsal\u0131ndaki Muzayrib beldesindeki El Cemel Meydan\u0131&#8217;na yerle\u015ftirdi\u011fi iki bomba d\u00fczene\u011fini patlatt\u0131.<\/p>\n<p>Yetkili makamlardan bir kaynak, Dera\u2019daki SANA muhabirine, Suriye Arap Ordusuna ait m\u00fchendislik birimlerinin, Muzayrib kasabas\u0131 ahalilerinden El Cemel Meydan\u0131 yak\u0131n\u0131na yerle\u015ftirilmi\u015f iki bomba d\u00fczene\u011finin varl\u0131\u011f\u0131na ili\u015fkin haber almalar\u0131 ard\u0131ndan, olay yerine gelip bomba d\u00fczeneklerini patlatt\u0131klar\u0131n\u0131 s\u00f6yledi.<\/p>\n<p><a class=\"oajrlxb2 g5ia77u1 qu0x051f esr5mh6w e9989ue4 r7d6kgcz rq0escxv nhd2j8a9 nc684nl6 p7hjln8o kvgmc6g5 cxmmr5t8 oygrvhab hcukyx3x jb3vyjys rz4wbd8a qt6c0cv9 a8nywdso i1ao9s8h esuyzwwr f1sip0of lzcic4wl gpro0wi8 q66pz984 b1v8xokw\" tabindex=\"0\" role=\"link\" href=\"https:\/\/www.facebook.com\/hashtag\/telegram_kanal%C4%B1m%C4%B1z?__eep__=6&amp;__cft__[0]=AZWwFCMFDDnJkLkT5KaqcwZUyo9FVEWHgiOv30sXY0QJ6YkshsWX0sSJBP5GUR32IvDJZuWkt2gd_LykJ8dCirH64VTCmJ5A-zzNaAB8yNdh0dcC08VZIyX7iCF7yxMslgqPoRaqvQU707v-8Po1PZ37kow7aYFs03lu2XYWsbD1GQ&amp;__tn__=*NK-R\">#Telegram_Kanal\u0131m\u0131z<\/a>: <a class=\"oajrlxb2 g5ia77u1 qu0x051f esr5mh6w e9989ue4 r7d6kgcz rq0escxv nhd2j8a9 nc684nl6 p7hjln8o kvgmc6g5 cxmmr5t8 oygrvhab hcukyx3x jb3vyjys rz4wbd8a qt6c0cv9 a8nywdso i1ao9s8h esuyzwwr f1sip0of lzcic4wl gpro0wi8 py34i1dx\" tabindex=\"0\" role=\"link\" href=\"https:\/\/t.me\/SuriyeArapHaberAjans?fbclid=IwAR3YVAs1rXgppql6UnJphnzUwS2kq6eK4CPlELC2-jAP13fGfijPx6yYMF0\" target=\"_blank\" rel=\"nofollow noopener\">https:\/\/t.me\/SuriyeArapHaberAjans<\/a><\/p>\n","protected":false},"excerpt":{"rendered":"<p>DERA \u2013 Suriye Arap Ordusuna ait m\u00fchendislik birimleri, ter\u00f6ristlerin Dera&#8217;n\u0131n bat\u0131 k\u0131rsal\u0131ndaki Muzayrib beldesindeki El Cemel Meydan\u0131&#8217;na yerle\u015ftirdi\u011fi iki bomba d\u00fczene\u011fini patlatt\u0131. Yetkili makamlardan bir kaynak, Dera\u2019daki SANA muhabirine, Suriye Arap Ordusuna ait m\u00fchendislik birimlerinin, Muzayrib kasabas\u0131 ahalilerinden El Cemel Meydan\u0131 yak\u0131n\u0131na yerle\u015ftirilmi\u015f iki bomba d\u00fczene\u011finin varl\u0131\u011f\u0131na ili\u015fkin haber almalar\u0131 ard\u0131ndan, olay yerine gelip bomba &hellip;<\/p>\n","protected":false},"author":39,"featured_media":257475,"comment_status":"closed","ping_status":"closed","sticky":false,"template":"","format":"standard","meta":{"footnotes":""},"categories":[479,575,17988,478],"tags":[],"class_list":["post-257474","post","type-post","status-publish","format-standard","has-post-thumbnail","","category-haberler-yerel","category-olaylar-ve-gercekler","category-son-haberler","category-yerel"],"_links":{"self":[{"href":"https:\/\/archive.sana.sy\/tr\/index.php?rest_route=\/wp\/v2\/posts\/257474","targetHints":{"allow":["GET"]}}],"collection":[{"href":"https:\/\/archive.sana.sy\/tr\/index.php?rest_route=\/wp\/v2\/posts"}],"about":[{"href":"https:\/\/archive.sana.sy\/tr\/index.php?rest_route=\/wp\/v2\/types\/post"}],"author":[{"embeddable":true,"href":"https:\/\/archive.sana.sy\/tr\/index.php?rest_route=\/wp\/v2\/users\/39"}],"replies":[{"embeddable":true,"href":"https:\/\/archive.sana.sy\/tr\/index.php?rest_route=%2Fwp%2Fv2%2Fcomments&post=257474"}],"version-history":[{"count":0,"href":"https:\/\/archive.sana.sy\/tr\/index.php?rest_route=\/wp\/v2\/posts\/257474\/revisions"}],"wp:featuredmedia":[{"embeddable":true,"href":"https:\/\/archive.sana.sy\/tr\/index.php?rest_route=\/wp\/v2\/media\/257475"}],"wp:attachment":[{"href":"https:\/\/archive.sana.sy\/tr\/index.php?rest_route=%2Fwp%2Fv2%2Fmedia&parent=257474"}],"wp:term":[{"taxonomy":"category","embeddable":true,"href":"https:\/\/archive.sana.sy\/tr\/index.php?rest_route=%2Fwp%2Fv2%2Fcategories&post=257474"},{"taxonomy":"post_tag","embeddable":true,"href":"https:\/\/archive.sana.sy\/tr\/index.php?rest_route=%2Fwp%2Fv2%2Ftags&post=257474"}],"curies":[{"name":"wp","href":"https:\/\/api.w.org\/{rel}","templated":true}]}}