{"id":257484,"date":"2022-06-22T14:08:33","date_gmt":"2022-06-22T11:08:33","guid":{"rendered":"http:\/\/107.6.182.27\/tr\/?p=257484"},"modified":"2022-06-23T08:26:39","modified_gmt":"2022-06-23T05:26:39","slug":"al-bukemalde-bugday-alim-merkezinin-acilmasi-ciftcilerin-yukunu-hafifletiyor","status":"publish","type":"post","link":"https:\/\/archive.sana.sy\/tr\/?p=257484","title":{"rendered":"Al Bukemal&#8217;de Bu\u011fday Al\u0131m Merkezinin A\u00e7\u0131lmas\u0131 \u00c7ift\u00e7ilerin Y\u00fck\u00fcn\u00fc Hafifletiyor"},"content":{"rendered":"<p>DEYREZZOR &#8211; Suriye Hububat Kurumu&#8217;nun Deyrezzor El Bukemal kentinde a\u00e7\u0131lan \u015fubesi taraf\u0131ndan a\u00e7\u0131lan do\u011frudan al\u0131m ve nakliye merkezi, bu\u011fdaylar\u0131n\u0131 teslim etmek i\u00e7in \u00e7ift\u00e7ilerden kayda de\u011fer bir kat\u0131l\u0131ma tan\u0131k oluyor, ayr\u0131ca di\u011fer merkezlere ta\u015f\u0131ma masraf ve y\u00fcklerini de hafifletiyor<\/p>\n<p>Kurumun Deyrezzor&#8217;daki \u015fube m\u00fcd\u00fcr\u00fc M\u00fch. Edip Rakad SANA muhabirine yapt\u0131\u011f\u0131 a\u00e7\u0131klamada, bu\u011fday pazarlama s\u00fcrecini kolayla\u015ft\u0131racak prosed\u00fcrler \u00e7er\u00e7evesinde bu merkezin Al Bukemal&#8217;de Ziraat Derne\u011fi ile i\u015fbirli\u011fi i\u00e7inde \u00e7ift\u00e7ilerin \u00fczerindeki y\u00fckleri hafifletmek amac\u0131yla a\u00e7\u0131ld\u0131\u011f\u0131n\u0131 s\u00f6yledi.<\/p>\n<p>Al Bukemal Tar\u0131m Derne\u011fi Ba\u015fkan\u0131 Ahmed Al Hasan, 11 y\u0131ll\u0131k bir aradan sonra merkezin a\u00e7\u0131lmas\u0131n\u0131n b\u00f6lgedeki bu\u011fday \u00e7ift\u00e7ileri i\u00e7in \u00f6nemli ve destekleyici bir ad\u0131m oldu\u011funa dikkat \u00e7ekti.<\/p>\n<p>Mahsullerini kendilerine yakla\u015f\u0131k 100 km uzakl\u0131ktaki El-Mayadin Merkezi&#8217;ne ula\u015ft\u0131rma zahmetinden ve masraflar\u0131ndan kurtaran bu ad\u0131m\u0131 \u00e7ok say\u0131da \u00e7ift\u00e7i \u00f6verek, bunun i\u00e7in teknik ve insani yeteneklerin mevcudiyeti g\u00f6lgesinde bu merkezin daimi olmas\u0131n\u0131 umduklar\u0131n\u0131 dile getirdiler.<\/p>\n<p><a class=\"oajrlxb2 g5ia77u1 qu0x051f esr5mh6w e9989ue4 r7d6kgcz rq0escxv nhd2j8a9 nc684nl6 p7hjln8o kvgmc6g5 cxmmr5t8 oygrvhab hcukyx3x jb3vyjys rz4wbd8a qt6c0cv9 a8nywdso i1ao9s8h esuyzwwr f1sip0of lzcic4wl gpro0wi8 q66pz984 b1v8xokw\" tabindex=\"0\" role=\"link\" href=\"https:\/\/www.facebook.com\/hashtag\/telegram_kanal%C4%B1m%C4%B1z?__eep__=6&amp;__cft__[0]=AZWwFCMFDDnJkLkT5KaqcwZUyo9FVEWHgiOv30sXY0QJ6YkshsWX0sSJBP5GUR32IvDJZuWkt2gd_LykJ8dCirH64VTCmJ5A-zzNaAB8yNdh0dcC08VZIyX7iCF7yxMslgqPoRaqvQU707v-8Po1PZ37kow7aYFs03lu2XYWsbD1GQ&amp;__tn__=*NK-R\">#Telegram_Kanal\u0131m\u0131z<\/a>: <a class=\"oajrlxb2 g5ia77u1 qu0x051f esr5mh6w e9989ue4 r7d6kgcz rq0escxv nhd2j8a9 nc684nl6 p7hjln8o kvgmc6g5 cxmmr5t8 oygrvhab hcukyx3x jb3vyjys rz4wbd8a qt6c0cv9 a8nywdso i1ao9s8h esuyzwwr f1sip0of lzcic4wl gpro0wi8 py34i1dx\" tabindex=\"0\" role=\"link\" href=\"https:\/\/t.me\/SuriyeArapHaberAjans?fbclid=IwAR3YVAs1rXgppql6UnJphnzUwS2kq6eK4CPlELC2-jAP13fGfijPx6yYMF0\" target=\"_blank\" rel=\"nofollow noopener\">https:\/\/t.me\/SuriyeArapHaberAjans<\/a><\/p>\n","protected":false},"excerpt":{"rendered":"<p>DEYREZZOR &#8211; Suriye Hububat Kurumu&#8217;nun Deyrezzor El Bukemal kentinde a\u00e7\u0131lan \u015fubesi taraf\u0131ndan a\u00e7\u0131lan do\u011frudan al\u0131m ve nakliye merkezi, bu\u011fdaylar\u0131n\u0131 teslim etmek i\u00e7in \u00e7ift\u00e7ilerden kayda de\u011fer bir kat\u0131l\u0131ma tan\u0131k oluyor, ayr\u0131ca di\u011fer merkezlere ta\u015f\u0131ma masraf ve y\u00fcklerini de hafifletiyor Kurumun Deyrezzor&#8217;daki \u015fube m\u00fcd\u00fcr\u00fc M\u00fch. Edip Rakad SANA muhabirine yapt\u0131\u011f\u0131 a\u00e7\u0131klamada, bu\u011fday pazarlama s\u00fcrecini kolayla\u015ft\u0131racak prosed\u00fcrler \u00e7er\u00e7evesinde &hellip;<\/p>\n","protected":false},"author":1,"featured_media":257485,"comment_status":"closed","ping_status":"closed","sticky":false,"template":"","format":"standard","meta":{"footnotes":""},"categories":[485,459,17988],"tags":[],"class_list":["post-257484","post","type-post","status-publish","format-standard","has-post-thumbnail","","category-is-ve-sermaye","category-haberler-arap-uluslararasi-politika","category-son-haberler"],"_links":{"self":[{"href":"https:\/\/archive.sana.sy\/tr\/index.php?rest_route=\/wp\/v2\/posts\/257484","targetHints":{"allow":["GET"]}}],"collection":[{"href":"https:\/\/archive.sana.sy\/tr\/index.php?rest_route=\/wp\/v2\/posts"}],"about":[{"href":"https:\/\/archive.sana.sy\/tr\/index.php?rest_route=\/wp\/v2\/types\/post"}],"author":[{"embeddable":true,"href":"https:\/\/archive.sana.sy\/tr\/index.php?rest_route=\/wp\/v2\/users\/1"}],"replies":[{"embeddable":true,"href":"https:\/\/archive.sana.sy\/tr\/index.php?rest_route=%2Fwp%2Fv2%2Fcomments&post=257484"}],"version-history":[{"count":0,"href":"https:\/\/archive.sana.sy\/tr\/index.php?rest_route=\/wp\/v2\/posts\/257484\/revisions"}],"wp:featuredmedia":[{"embeddable":true,"href":"https:\/\/archive.sana.sy\/tr\/index.php?rest_route=\/wp\/v2\/media\/257485"}],"wp:attachment":[{"href":"https:\/\/archive.sana.sy\/tr\/index.php?rest_route=%2Fwp%2Fv2%2Fmedia&parent=257484"}],"wp:term":[{"taxonomy":"category","embeddable":true,"href":"https:\/\/archive.sana.sy\/tr\/index.php?rest_route=%2Fwp%2Fv2%2Fcategories&post=257484"},{"taxonomy":"post_tag","embeddable":true,"href":"https:\/\/archive.sana.sy\/tr\/index.php?rest_route=%2Fwp%2Fv2%2Ftags&post=257484"}],"curies":[{"name":"wp","href":"https:\/\/api.w.org\/{rel}","templated":true}]}}