{"id":257489,"date":"2022-06-22T16:41:17","date_gmt":"2022-06-22T13:41:17","guid":{"rendered":"http:\/\/107.6.182.27\/tr\/?p=257489"},"modified":"2022-06-23T08:51:24","modified_gmt":"2022-06-23T05:51:24","slug":"hareket-engelli-3-genc-bilimsel-ve-sportif-basarilara-imza-atti","status":"publish","type":"post","link":"https:\/\/archive.sana.sy\/tr\/?p=257489","title":{"rendered":"Hareket Engelli 3 Gen\u00e7 Bilimsel Ve Sportif Ba\u015far\u0131lara \u0130mza att\u0131"},"content":{"rendered":"<p style=\"text-align: justify;\">\u015eAM &#8211; Sakatl\u0131k ya da bedensel engelin, hayatlar\u0131n\u0131 birer ba\u015far\u0131 hikayesine d\u00f6n\u00fc\u015ft\u00fcrmekten al\u0131koyamad\u0131\u011f\u0131 \u00fc\u00e7 gen\u00e7, \u00f6rnek al\u0131nan, ba\u015far\u0131lar\u0131 birden fazla alanda anlat\u0131lan s\u00f6z sahibi insanlar olmak i\u00e7in umut ve irade dolu ad\u0131mlar att\u0131.<\/p>\n<p style=\"text-align: justify;\">Hareket engelli \u00fc\u00e7 gen\u00e7, onlar\u0131 \u015eam&#8217;daki Al Amal Engelliler Enstit\u00fcs\u00fc&#8217;nde ilk, orta ve \u00a0lise \u00f6\u011fretim a\u015famalar\u0131nda bir araya getirdi ve her biri ihtisas\u0131na g\u00f6re ba\u015far\u0131 ve \u015fampiyonluklarla ta\u00e7land\u0131rd\u0131\u011f\u0131 gelecek yolunu \u00e7izmek i\u00e7in birlikte mezun oldu.<img loading=\"lazy\" decoding=\"async\" class=\"size-full wp-image-257548 alignright\" src=\"http:\/\/107.6.182.27\/tr\/wp-content\/uploads\/2022\/06\/photo_2022-06-22_12-29-31-200x300-2.jpg\" alt=\"\" width=\"200\" height=\"300\" srcset=\"https:\/\/archive.sana.sy\/tr\/wp-content\/uploads\/2022\/06\/photo_2022-06-22_12-29-31-200x300-2.jpg 200w, https:\/\/archive.sana.sy\/tr\/wp-content\/uploads\/2022\/06\/photo_2022-06-22_12-29-31-200x300-2-100x150.jpg 100w\" sizes=\"auto, (max-width: 200px) 100vw, 200px\" \/><\/p>\n<p style=\"text-align: justify;\">SANA muhabirinin 22 ya\u015f\u0131ndaki Verd \u015eahin ile yapt\u0131\u011f\u0131 r\u00f6portajda, do\u011fu\u015ftan gelen engelinin ayaklar\u0131 \u00fczerinde y\u00fcr\u00fcmesini engelledi\u011fini, ancak enstit\u00fc \u00f6\u011fretmenlerinin te\u015fvikinden ald\u0131\u011f\u0131 umutla h\u0131rs\u0131na y\u00fcr\u00fcd\u00fc\u011f\u00fcn\u00fc s\u00f6yledi.<\/p>\n<p style=\"text-align: justify;\">\u015eimdi Bili\u015fim Fak\u00fcltesi 3. s\u0131n\u0131f \u00f6\u011frencisi Verd konu\u015fmas\u0131na gurur ve co\u015fkuyla devam ediyor: \u201cMezuniyetten \u00f6nce kendi projemi kurmam\u0131 sa\u011flayan bili\u015fim a\u011flar\u0131 alan\u0131nda bir uygulama olan (cep telefonlar\u0131 ve elektronik cihaz \u00fcr\u00fcnlerini sat\u0131\u015f ve al\u0131\u015f ma\u011fazas\u0131nda) derslerini takip ettim.<\/p>\n<p style=\"text-align: justify;\">Verd \u015fu anda \u00fcniversitedeki bir grup meslekta\u015f\u0131yla birlikte t\u0131bbi bilgi edinme ve doktorlar ile hastalar aras\u0131ndaki randevular\u0131 koordine etme alan\u0131nda hizmet veren bir elektronik uygulamay\u0131 tamamlamak i\u00e7in kat\u0131l\u0131yor ve engelinin m\u00fckemmellik i\u00e7in daha b\u00fcy\u00fck bir motivasyondan ba\u015fka bir \u015fey olmad\u0131\u011f\u0131n\u0131 vurguluyor.<\/p>\n<p style=\"text-align: justify;\">Verd gibi engellilik, \u00f6zel sporlar i\u00e7in bir Suriye milli tak\u0131m\u0131 oyuncusu olan 28 ya\u015f\u0131ndaki Abdul Hakim El Bekr&#8217;i yenemedi ve spora olan yetene\u011finin spor antren\u00f6r\u00fc taraf\u0131ndan te\u015fvik edildikten sonra Al Amal Enstit\u00fcs\u00fc&#8217;nden de ba\u015flad\u0131\u011f\u0131n\u0131, g\u00fclle ve disk atma alan\u0131nda atletizmle u\u011fra\u015ft\u0131\u011f\u0131n\u0131 ve en \u00f6nemlileri 2013 y\u0131l\u0131nda Malezya&#8217;da d\u00fczenlenen Asya Gen\u00e7lik Oyunlar\u0131&#8217;nda bronz ve 2021&#8217;de BAE&#8217;de d\u00fczenlenen D\u00fcnya Kupas\u0131&#8217;nda alt\u0131n olmak \u00fczere bir\u00e7ok ba\u015far\u0131ya imza att\u0131\u011f\u0131n\u0131 dile getirdi.<\/p>\n<p style=\"text-align: justify;\">Al Bekr, \u015eam \u00dcniversitesi&#8217;nde \u0130ngiliz edebiyat\u0131 okudu\u011funu ve \u015fu anda \u00fclkesinin d\u00fcnya \u015fampiyonalar\u0131nda bayra\u011f\u0131n\u0131 y\u00fckseltmek i\u00e7in se\u00e7kin sonu\u00e7lar elde etmeyi umarak gelecek y\u0131l \u00c7in&#8217;de d\u00fczenlenecek Asya Oyunlar\u0131&#8217;na kat\u0131lmaya haz\u0131rland\u0131\u011f\u0131n\u0131 belirtti.<\/p>\n<p style=\"text-align: justify;\">Ba\u015fka bir alanda ise 25 ya\u015f\u0131ndaki Muhammed Kassar Beni al Merce lise diplomas\u0131n\u0131 ald\u0131ktan sonra tasar\u0131m ve foto\u011fraf alan\u0131n\u0131 se\u00e7ti ve \u00e7e\u015fitli medya platformlar\u0131nda \u00e7al\u0131\u015farak ba\u015far\u0131l\u0131 oldu. Cumhuriyet&#8217;in tekerlekli sandalye basketbol \u015fampiyonalar\u0131na kat\u0131lman\u0131n yan\u0131 s\u0131ra 2018 y\u0131l\u0131nda d\u00fczenlenen Cumhuriyet \u015eampiyonas\u0131&#8217;nda birincilik elde etmeyi ba\u015fard\u0131\u011f\u0131 i\u00e7in tekerlekli sandalye basketbolu ve halter bran\u015flar\u0131nda da bir\u00e7ok \u015fampiyonluk kazand\u0131\u011f\u0131n\u0131 ifade etti.<img loading=\"lazy\" decoding=\"async\" class=\"size-full wp-image-257549 alignright\" src=\"http:\/\/107.6.182.27\/tr\/wp-content\/uploads\/2022\/06\/photo_2022-06-22_12-29-19-300x184-2.jpg\" alt=\"\" width=\"300\" height=\"184\" srcset=\"https:\/\/archive.sana.sy\/tr\/wp-content\/uploads\/2022\/06\/photo_2022-06-22_12-29-19-300x184-2.jpg 300w, https:\/\/archive.sana.sy\/tr\/wp-content\/uploads\/2022\/06\/photo_2022-06-22_12-29-19-300x184-2-150x92.jpg 150w\" sizes=\"auto, (max-width: 300px) 100vw, 300px\" \/><\/p>\n<p style=\"text-align: justify;\">Muhammed, ba\u015far\u0131s\u0131n\u0131n kar\u015f\u0131la\u015fabilecekleri zorluklara ra\u011fmen \u00fcretken insanlar olduklar\u0131na, ancak irade imkans\u0131zdan daha g\u00fc\u00e7l\u00fc olmas\u0131ndan dolay\u0131, arkada\u015flar\u0131n\u0131n ve di\u011fer bir\u00e7ok engellinin toplumdaki kendileri hakk\u0131ndaki kli\u015feleri de\u011fi\u015ftirebilece\u011fine inan\u0131yor.<\/p>\n<p style=\"text-align: justify;\">Sosyal \u0130\u015fler ve \u00c7al\u0131\u015fma Bakanl\u0131\u011f\u0131&#8217;na ba\u011fl\u0131 Hareketlilik Engellilerin Bak\u0131m\u0131 i\u00e7in Al Amal Enstit\u00fcs\u00fc M\u00fcd\u00fcr\u00fc Yunus Abbas, SANA&#8217;ya yapt\u0131\u011f\u0131 a\u00e7\u0131klamada, \u015fu anda 6 ila 18 ya\u015flar\u0131 aras\u0131ndaki 153 erkek ve k\u0131z \u00f6\u011frenci oldu\u011funu, enstit\u00fcde her kademe i\u00e7in Milli E\u011fitim Bakanl\u0131\u011f\u0131 m\u00fcfredat\u0131na g\u00f6re e\u011fitim ara\u00e7lar\u0131 ile donat\u0131lm\u0131\u015f derslikler, bilgisayar odalar\u0131 ve etkinlikler i\u00e7in tiyatro, Aktiviteler ve spor salonu bulundu\u011funu belirtti.<\/p>\n<p><a class=\"oajrlxb2 g5ia77u1 qu0x051f esr5mh6w e9989ue4 r7d6kgcz rq0escxv nhd2j8a9 nc684nl6 p7hjln8o kvgmc6g5 cxmmr5t8 oygrvhab hcukyx3x jb3vyjys rz4wbd8a qt6c0cv9 a8nywdso i1ao9s8h esuyzwwr f1sip0of lzcic4wl gpro0wi8 q66pz984 b1v8xokw\" tabindex=\"0\" role=\"link\" href=\"https:\/\/www.facebook.com\/hashtag\/telegram_kanal%C4%B1m%C4%B1z?__eep__=6&amp;__cft__[0]=AZXbxWy9Z-T1ua20XXSAHtjIoWtDQ2iuW6LQ6jkNLw-ktKl7wo2T1z8S0XY9LKCoN9R1_lk1rTzFmrpophDAdj3popojJEkufGpFWDjabZeyZqHWFUJhXC9rFmIdxTCcu8M5Jzqi_hjFUHceeZtqEWHyDS0BLwiS_bNMPfCQ_Q4Ekw&amp;__tn__=*NK-R\">#Telegram_Kanal\u0131m\u0131z<\/a>: <a class=\"oajrlxb2 g5ia77u1 qu0x051f esr5mh6w e9989ue4 r7d6kgcz rq0escxv nhd2j8a9 nc684nl6 p7hjln8o kvgmc6g5 cxmmr5t8 oygrvhab hcukyx3x jb3vyjys rz4wbd8a qt6c0cv9 a8nywdso i1ao9s8h esuyzwwr f1sip0of lzcic4wl gpro0wi8 py34i1dx\" tabindex=\"0\" role=\"link\" href=\"https:\/\/t.me\/SuriyeArapHaberAjans?fbclid=IwAR2A8XKza5u2CfheZ0xO5x7qwNgayUASpeRTXgZiyMAK0zseMfTYDLgdE-A\" target=\"_blank\" rel=\"nofollow noopener\">https:\/\/t.me\/SuriyeArapHaberAjans<\/a><\/p>\n<div id='gallery-1' class='gallery galleryid-257489 gallery-columns-2 gallery-size-full'><figure class='gallery-item'>\n\t\t\t<div class='gallery-icon landscape'>\n\t\t\t\t<a href='https:\/\/archive.sana.sy\/tr\/wp-content\/uploads\/2022\/06\/photo_2022-06-22_12-29-20-300x200-2.jpg'><img loading=\"lazy\" decoding=\"async\" width=\"300\" height=\"200\" src=\"https:\/\/archive.sana.sy\/tr\/wp-content\/uploads\/2022\/06\/photo_2022-06-22_12-29-20-300x200-2.jpg\" class=\"attachment-full size-full\" alt=\"\" srcset=\"https:\/\/archive.sana.sy\/tr\/wp-content\/uploads\/2022\/06\/photo_2022-06-22_12-29-20-300x200-2.jpg 300w, https:\/\/archive.sana.sy\/tr\/wp-content\/uploads\/2022\/06\/photo_2022-06-22_12-29-20-300x200-2-150x100.jpg 150w\" sizes=\"auto, (max-width: 300px) 100vw, 300px\" \/><\/a>\n\t\t\t<\/div><\/figure><figure class='gallery-item'>\n\t\t\t<div class='gallery-icon landscape'>\n\t\t\t\t<a href='https:\/\/archive.sana.sy\/tr\/wp-content\/uploads\/2022\/06\/photo_2022-06-22_12-29-22-300x163-2.jpg'><img loading=\"lazy\" decoding=\"async\" width=\"300\" height=\"163\" src=\"https:\/\/archive.sana.sy\/tr\/wp-content\/uploads\/2022\/06\/photo_2022-06-22_12-29-22-300x163-2.jpg\" class=\"attachment-full size-full\" alt=\"\" srcset=\"https:\/\/archive.sana.sy\/tr\/wp-content\/uploads\/2022\/06\/photo_2022-06-22_12-29-22-300x163-2.jpg 300w, https:\/\/archive.sana.sy\/tr\/wp-content\/uploads\/2022\/06\/photo_2022-06-22_12-29-22-300x163-2-150x82.jpg 150w\" sizes=\"auto, (max-width: 300px) 100vw, 300px\" \/><\/a>\n\t\t\t<\/div><\/figure>\n\t\t<\/div>\n\n<p>&nbsp;<\/p>\n","protected":false},"excerpt":{"rendered":"<p>\u015eAM &#8211; Sakatl\u0131k ya da bedensel engelin, hayatlar\u0131n\u0131 birer ba\u015far\u0131 hikayesine d\u00f6n\u00fc\u015ft\u00fcrmekten al\u0131koyamad\u0131\u011f\u0131 \u00fc\u00e7 gen\u00e7, \u00f6rnek al\u0131nan, ba\u015far\u0131lar\u0131 birden fazla alanda anlat\u0131lan s\u00f6z sahibi insanlar olmak i\u00e7in umut ve irade dolu ad\u0131mlar att\u0131. Hareket engelli \u00fc\u00e7 gen\u00e7, onlar\u0131 \u015eam&#8217;daki Al Amal Engelliler Enstit\u00fcs\u00fc&#8217;nde ilk, orta ve \u00a0lise \u00f6\u011fretim a\u015famalar\u0131nda bir araya getirdi ve her biri &hellip;<\/p>\n","protected":false},"author":1,"featured_media":257490,"comment_status":"closed","ping_status":"closed","sticky":false,"template":"","format":"standard","meta":{"footnotes":""},"categories":[479,17988,525,478],"tags":[],"class_list":["post-257489","post","type-post","status-publish","format-standard","has-post-thumbnail","","category-haberler-yerel","category-son-haberler","category-toplum","category-yerel"],"_links":{"self":[{"href":"https:\/\/archive.sana.sy\/tr\/index.php?rest_route=\/wp\/v2\/posts\/257489","targetHints":{"allow":["GET"]}}],"collection":[{"href":"https:\/\/archive.sana.sy\/tr\/index.php?rest_route=\/wp\/v2\/posts"}],"about":[{"href":"https:\/\/archive.sana.sy\/tr\/index.php?rest_route=\/wp\/v2\/types\/post"}],"author":[{"embeddable":true,"href":"https:\/\/archive.sana.sy\/tr\/index.php?rest_route=\/wp\/v2\/users\/1"}],"replies":[{"embeddable":true,"href":"https:\/\/archive.sana.sy\/tr\/index.php?rest_route=%2Fwp%2Fv2%2Fcomments&post=257489"}],"version-history":[{"count":0,"href":"https:\/\/archive.sana.sy\/tr\/index.php?rest_route=\/wp\/v2\/posts\/257489\/revisions"}],"wp:featuredmedia":[{"embeddable":true,"href":"https:\/\/archive.sana.sy\/tr\/index.php?rest_route=\/wp\/v2\/media\/257490"}],"wp:attachment":[{"href":"https:\/\/archive.sana.sy\/tr\/index.php?rest_route=%2Fwp%2Fv2%2Fmedia&parent=257489"}],"wp:term":[{"taxonomy":"category","embeddable":true,"href":"https:\/\/archive.sana.sy\/tr\/index.php?rest_route=%2Fwp%2Fv2%2Fcategories&post=257489"},{"taxonomy":"post_tag","embeddable":true,"href":"https:\/\/archive.sana.sy\/tr\/index.php?rest_route=%2Fwp%2Fv2%2Ftags&post=257489"}],"curies":[{"name":"wp","href":"https:\/\/api.w.org\/{rel}","templated":true}]}}