{"id":257495,"date":"2022-06-22T17:04:29","date_gmt":"2022-06-22T14:04:29","guid":{"rendered":"http:\/\/107.6.182.27\/tr\/?p=257495"},"modified":"2022-06-23T08:31:43","modified_gmt":"2022-06-23T05:31:43","slug":"al-muvasat-hastanesinde-sigarayi-birakmaya-yardimci-olacak-uzman-klinik-acildi","status":"publish","type":"post","link":"https:\/\/archive.sana.sy\/tr\/?p=257495","title":{"rendered":"Al Muvasat Hastanesi&#8217;nde Sigaray\u0131 B\u0131rakmaya Yard\u0131mc\u0131 Olacak Uzman Klinik A\u00e7\u0131ld\u0131"},"content":{"rendered":"<p style=\"text-align: justify;\">\u015eAM &#8211; \u015eam&#8217;da Al Muvasat \u00dcniversite Hastanesi&#8217;ndeki dahili klinikler binas\u0131nda bug\u00fcn, hastaneler d\u00fczeyinde bir ilk olan bir ihtisas klini\u011fi a\u00e7\u0131ld\u0131.<\/p>\n<p style=\"text-align: justify;\">Al Muvasat Hastanesi M\u00fcd\u00fcr\u00fc Dr. \u0130sam Al Amin SANA muhabirine yapt\u0131\u011f\u0131 a\u00e7\u0131klamada, klini\u011fin psikiyatri ve g\u00f6\u011f\u00fcs hastal\u0131klar\u0131 uzmanlar\u0131 arac\u0131l\u0131\u011f\u0131yla sigaray\u0131 b\u0131rakmak isteyenlere \u00fccretsiz hizmet verece\u011fini, Cuma ve Cumartesi hari\u00e7 g\u00fcnl\u00fck olarak hasta kabul edece\u011fini s\u00f6yledi.<\/p>\n","protected":false},"excerpt":{"rendered":"<p>\u015eAM &#8211; \u015eam&#8217;da Al Muvasat \u00dcniversite Hastanesi&#8217;ndeki dahili klinikler binas\u0131nda bug\u00fcn, hastaneler d\u00fczeyinde bir ilk olan bir ihtisas klini\u011fi a\u00e7\u0131ld\u0131. Al Muvasat Hastanesi M\u00fcd\u00fcr\u00fc Dr. \u0130sam Al Amin SANA muhabirine yapt\u0131\u011f\u0131 a\u00e7\u0131klamada, klini\u011fin psikiyatri ve g\u00f6\u011f\u00fcs hastal\u0131klar\u0131 uzmanlar\u0131 arac\u0131l\u0131\u011f\u0131yla sigaray\u0131 b\u0131rakmak isteyenlere \u00fccretsiz hizmet verece\u011fini, Cuma ve Cumartesi hari\u00e7 g\u00fcnl\u00fck olarak hasta kabul edece\u011fini s\u00f6yledi.<\/p>\n","protected":false},"author":1,"featured_media":257496,"comment_status":"closed","ping_status":"closed","sticky":false,"template":"","format":"standard","meta":{"footnotes":""},"categories":[479,17988,525,478],"tags":[],"class_list":["post-257495","post","type-post","status-publish","format-standard","has-post-thumbnail","","category-haberler-yerel","category-son-haberler","category-toplum","category-yerel"],"_links":{"self":[{"href":"https:\/\/archive.sana.sy\/tr\/index.php?rest_route=\/wp\/v2\/posts\/257495","targetHints":{"allow":["GET"]}}],"collection":[{"href":"https:\/\/archive.sana.sy\/tr\/index.php?rest_route=\/wp\/v2\/posts"}],"about":[{"href":"https:\/\/archive.sana.sy\/tr\/index.php?rest_route=\/wp\/v2\/types\/post"}],"author":[{"embeddable":true,"href":"https:\/\/archive.sana.sy\/tr\/index.php?rest_route=\/wp\/v2\/users\/1"}],"replies":[{"embeddable":true,"href":"https:\/\/archive.sana.sy\/tr\/index.php?rest_route=%2Fwp%2Fv2%2Fcomments&post=257495"}],"version-history":[{"count":0,"href":"https:\/\/archive.sana.sy\/tr\/index.php?rest_route=\/wp\/v2\/posts\/257495\/revisions"}],"wp:featuredmedia":[{"embeddable":true,"href":"https:\/\/archive.sana.sy\/tr\/index.php?rest_route=\/wp\/v2\/media\/257496"}],"wp:attachment":[{"href":"https:\/\/archive.sana.sy\/tr\/index.php?rest_route=%2Fwp%2Fv2%2Fmedia&parent=257495"}],"wp:term":[{"taxonomy":"category","embeddable":true,"href":"https:\/\/archive.sana.sy\/tr\/index.php?rest_route=%2Fwp%2Fv2%2Fcategories&post=257495"},{"taxonomy":"post_tag","embeddable":true,"href":"https:\/\/archive.sana.sy\/tr\/index.php?rest_route=%2Fwp%2Fv2%2Ftags&post=257495"}],"curies":[{"name":"wp","href":"https:\/\/api.w.org\/{rel}","templated":true}]}}