{"id":257498,"date":"2022-06-22T17:53:20","date_gmt":"2022-06-22T14:53:20","guid":{"rendered":"http:\/\/107.6.182.27\/tr\/?p=257498"},"modified":"2022-06-23T08:28:54","modified_gmt":"2022-06-23T05:28:54","slug":"homsta-bahar-sezonunda-patates-uretimi-tahminleri-yaklasik-27-bin-ton","status":"publish","type":"post","link":"https:\/\/archive.sana.sy\/tr\/?p=257498","title":{"rendered":"Homs&#8217;ta Bahar Sezonunda Patates \u00dcretimi Tahminleri Yakla\u015f\u0131k 27 Bin Ton"},"content":{"rendered":"<p style=\"text-align: justify;\">HOMS &#8211; Homs k\u0131rsal\u0131ndaki \u00e7ift\u00e7iler, \u00fcretim gereksinimlerinin yetersizli\u011fi nedeniyle bug\u00fcn hasat operasyonlar\u0131nda kendilerine e\u015flik eden ve \u00e7ift\u00e7ilik faaliyetlerine e\u015flik eden zorluklara ra\u011fmen, bahar mevsimi i\u00e7in patates mahsul\u00fcn\u00fc toplamaya ba\u015flad\u0131lar.<\/p>\n<p style=\"text-align: justify;\">Humus Tar\u0131m M\u00fcd\u00fcrl\u00fc\u011f\u00fc, mevcut sezonun \u00fcretimini 26.630 ton olarak tahmin etti.<\/p>\n<p style=\"text-align: justify;\">Homs Tar\u0131m M\u00fcd\u00fcr\u00fc M\u00fchendis Yunus Hamdan SANA muhabirine yapt\u0131\u011f\u0131 a\u00e7\u0131klamada, planlanan 1660 hektarl\u0131k alan\u0131n d\u0131\u015f\u0131nda baharl\u0131k patates ekilen alan\u0131n yakla\u015f\u0131k 1575 hektar oldu\u011funu belirterek, geri kalan alan\u0131n \u00e7ift\u00e7iler taraf\u0131ndan bu\u011fday ekimi ile ekildi\u011fini belirtti.<\/p>\n<p style=\"text-align: justify;\">SANA muhabiri Homs&#8217;un g\u00fcneybat\u0131s\u0131ndaki Kattina \u00a0beldesine yapt\u0131\u011f\u0131 gezi s\u0131ras\u0131nda patates \u00e7ift\u00e7isi \u0130lyas al Asas, patates mahsul\u00fcn\u00fcn ekildi\u011fi alan\u0131n 90 d\u00f6n\u00fcm oldu\u011funu ve pazarlama fiyatlar\u0131n\u0131n kilo ba\u015f\u0131na 800 ila 900 Suriye liras\u0131 aras\u0131nda de\u011fi\u015fti\u011fini belirtti.<\/p>\n<p style=\"text-align: justify;\">Verimlili\u011fin iyi oldu\u011funu ve mahsul\u00fcn herhangi bir hastal\u0131k pandemisine maruz kalmad\u0131\u011f\u0131n\u0131, ancak fiyatlar\u0131n y\u00fcksek maliyete uymad\u0131\u011f\u0131n\u0131 kaydederek.<\/p>\n<p style=\"text-align: justify;\">Al Asas, tar\u0131msal durumla ilgili yetkilileri, en \u00f6nemlileri motorin ve g\u00fcbre olmak \u00fczere \u00fcretim gereksinimlerini kar\u015f\u0131lamaya \u00e7a\u011f\u0131rd\u0131 ve bir d\u00f6n\u00fcm \u00fcretim maliyetinin bir milyon 250 bin Suriye liras\u0131n\u0131 a\u015ft\u0131\u011f\u0131n\u0131 bunun da patates fiyatlar\u0131 ile makbul olmad\u0131\u011f\u0131n\u0131 a\u00e7\u0131klad\u0131.<\/p>\n<p style=\"text-align: justify;\">Patates hasad\u0131nda \u00e7al\u0131\u015fan bir dizi kad\u0131n i\u015f\u00e7i, patates hasad\u0131 mevsiminin ek i\u015f f\u0131rsatlar\u0131 sa\u011flad\u0131\u011f\u0131n\u0131 ve k\u0131rsal kesimdeki insanlar i\u00e7in finansal getiri sa\u011flamaya katk\u0131da bulundu\u011funu, i\u015fin sabah yap\u0131ld\u0131\u011f\u0131n\u0131 aralar\u0131nda i\u015f payla\u015f\u0131m\u0131 yapt\u0131klar\u0131n\u0131, \u00e7\u00fcnk\u00fc baz\u0131lar\u0131 tarla trakt\u00f6rlerle e\u015fildikten sonra patatesleri toplad\u0131klar\u0131n\u0131, di\u011ferleri bunun i\u00e7in ayr\u0131lm\u0131\u015f torbalara doldurmalar\u0131 i\u00e7in y\u0131\u011f\u0131nlar halinde toplad\u0131klar\u0131n\u0131 ve daha sonra Sebze Hali&#8217;ne erken ula\u015f\u0131m i\u00e7in arabalara y\u00fcklendi\u011fini belirtti.<\/p>\n","protected":false},"excerpt":{"rendered":"<p>HOMS &#8211; Homs k\u0131rsal\u0131ndaki \u00e7ift\u00e7iler, \u00fcretim gereksinimlerinin yetersizli\u011fi nedeniyle bug\u00fcn hasat operasyonlar\u0131nda kendilerine e\u015flik eden ve \u00e7ift\u00e7ilik faaliyetlerine e\u015flik eden zorluklara ra\u011fmen, bahar mevsimi i\u00e7in patates mahsul\u00fcn\u00fc toplamaya ba\u015flad\u0131lar. Humus Tar\u0131m M\u00fcd\u00fcrl\u00fc\u011f\u00fc, mevcut sezonun \u00fcretimini 26.630 ton olarak tahmin etti. Homs Tar\u0131m M\u00fcd\u00fcr\u00fc M\u00fchendis Yunus Hamdan SANA muhabirine yapt\u0131\u011f\u0131 a\u00e7\u0131klamada, planlanan 1660 hektarl\u0131k alan\u0131n d\u0131\u015f\u0131nda &hellip;<\/p>\n","protected":false},"author":1,"featured_media":257499,"comment_status":"closed","ping_status":"closed","sticky":false,"template":"","format":"standard","meta":{"footnotes":""},"categories":[485,486,479,17988,478],"tags":[],"class_list":["post-257498","post","type-post","status-publish","format-standard","has-post-thumbnail","","category-is-ve-sermaye","category-haberler-is-ve-sermaye","category-haberler-yerel","category-son-haberler","category-yerel"],"_links":{"self":[{"href":"https:\/\/archive.sana.sy\/tr\/index.php?rest_route=\/wp\/v2\/posts\/257498","targetHints":{"allow":["GET"]}}],"collection":[{"href":"https:\/\/archive.sana.sy\/tr\/index.php?rest_route=\/wp\/v2\/posts"}],"about":[{"href":"https:\/\/archive.sana.sy\/tr\/index.php?rest_route=\/wp\/v2\/types\/post"}],"author":[{"embeddable":true,"href":"https:\/\/archive.sana.sy\/tr\/index.php?rest_route=\/wp\/v2\/users\/1"}],"replies":[{"embeddable":true,"href":"https:\/\/archive.sana.sy\/tr\/index.php?rest_route=%2Fwp%2Fv2%2Fcomments&post=257498"}],"version-history":[{"count":0,"href":"https:\/\/archive.sana.sy\/tr\/index.php?rest_route=\/wp\/v2\/posts\/257498\/revisions"}],"wp:featuredmedia":[{"embeddable":true,"href":"https:\/\/archive.sana.sy\/tr\/index.php?rest_route=\/wp\/v2\/media\/257499"}],"wp:attachment":[{"href":"https:\/\/archive.sana.sy\/tr\/index.php?rest_route=%2Fwp%2Fv2%2Fmedia&parent=257498"}],"wp:term":[{"taxonomy":"category","embeddable":true,"href":"https:\/\/archive.sana.sy\/tr\/index.php?rest_route=%2Fwp%2Fv2%2Fcategories&post=257498"},{"taxonomy":"post_tag","embeddable":true,"href":"https:\/\/archive.sana.sy\/tr\/index.php?rest_route=%2Fwp%2Fv2%2Ftags&post=257498"}],"curies":[{"name":"wp","href":"https:\/\/api.w.org\/{rel}","templated":true}]}}