{"id":257537,"date":"2022-06-22T22:28:41","date_gmt":"2022-06-22T19:28:41","guid":{"rendered":"http:\/\/107.6.182.27\/tr\/?p=257537"},"modified":"2022-06-23T15:16:56","modified_gmt":"2022-06-23T12:16:56","slug":"ulastirma-bakani-sam-uluslararasi-havalimani-milli-kadrolarin-cabalariyla-yarin-hizmete-donecek","status":"publish","type":"post","link":"https:\/\/archive.sana.sy\/tr\/?p=257537","title":{"rendered":"Ula\u015ft\u0131rma Bakan\u0131: \u015eam Uluslararas\u0131 Havaliman\u0131 Milli Kadrolar\u0131n \u00c7abalar\u0131yla Yar\u0131n Hizmete D\u00f6necek"},"content":{"rendered":"<p style=\"text-align: justify;\">\u015eAM \u2013 Ula\u015ft\u0131rma Bakanl\u0131\u011f\u0131 bug\u00fcn yapt\u0131\u011f\u0131 a\u00e7\u0131klamada, \u015eam Uluslararas\u0131 Havaliman\u0131&#8217;n\u0131n son \u0130srail sald\u0131r\u0131s\u0131n\u0131n yol a\u00e7t\u0131\u011f\u0131 hasar i\u00e7in restorasyon ve onar\u0131m \u00e7al\u0131\u015fmalar\u0131n\u0131n tamamlanmas\u0131n\u0131n ard\u0131ndan yar\u0131n Per\u015fembe g\u00fcn\u00fc hizmete d\u00f6nece\u011fini duyurdu.<\/p>\n<p style=\"text-align: justify;\">Ula\u015ft\u0131rma Bakan\u0131 Zuheyr Huzeym, SANA muhabirine yapt\u0131\u011f\u0131 a\u00e7\u0131klamada, t\u00fcm hava ta\u015f\u0131y\u0131c\u0131lar\u0131n\u0131n yar\u0131ndan itibaren havaliman\u0131ndan gelen ve giden u\u00e7u\u015flar\u0131n\u0131 planlayabileceklerini teyit ederken,\u00a0 bunu\u0131n, son \u0130srail sald\u0131r\u0131s\u0131ndan kaynaklanan havaalan\u0131 pistlerinde ve ekipmanlar\u0131nda meydana gelen ciddi hasar\u0131n onar\u0131m\u0131n\u0131n tamamlanmas\u0131ndan sonra havaliman\u0131n\u0131n t\u00fcm kapasitesiyle yolculara ve i\u015fletmeci firmalara hizmet vermek i\u00e7in \u00e7al\u0131\u015faca\u011f\u0131na dikkati \u00e7ekti.<\/p>\n<p style=\"text-align: justify;\">Huzeym ayr\u0131ca, havaliman\u0131n\u0131n yeniden hizmete a\u00e7\u0131lmas\u0131 ve emniyet ve g\u00fcvenlik \u00f6nlemleri dahilinde i\u015fletilmesi i\u00e7in gece g\u00fcnd\u00fcz \u00e7al\u0131\u015fmaya devam eden milli kadrolar\u0131n b\u00fcy\u00fck \u00e7abalar\u0131na dikkat \u00e7ekti.<\/p>\n<p style=\"text-align: justify;\">P.M.<\/p>\n","protected":false},"excerpt":{"rendered":"<p>\u015eAM \u2013 Ula\u015ft\u0131rma Bakanl\u0131\u011f\u0131 bug\u00fcn yapt\u0131\u011f\u0131 a\u00e7\u0131klamada, \u015eam Uluslararas\u0131 Havaliman\u0131&#8217;n\u0131n son \u0130srail sald\u0131r\u0131s\u0131n\u0131n yol a\u00e7t\u0131\u011f\u0131 hasar i\u00e7in restorasyon ve onar\u0131m \u00e7al\u0131\u015fmalar\u0131n\u0131n tamamlanmas\u0131n\u0131n ard\u0131ndan yar\u0131n Per\u015fembe g\u00fcn\u00fc hizmete d\u00f6nece\u011fini duyurdu. Ula\u015ft\u0131rma Bakan\u0131 Zuheyr Huzeym, SANA muhabirine yapt\u0131\u011f\u0131 a\u00e7\u0131klamada, t\u00fcm hava ta\u015f\u0131y\u0131c\u0131lar\u0131n\u0131n yar\u0131ndan itibaren havaliman\u0131ndan gelen ve giden u\u00e7u\u015flar\u0131n\u0131 planlayabileceklerini teyit ederken,\u00a0 bunu\u0131n, son \u0130srail sald\u0131r\u0131s\u0131ndan kaynaklanan &hellip;<\/p>\n","protected":false},"author":1,"featured_media":257538,"comment_status":"closed","ping_status":"closed","sticky":false,"template":"","format":"standard","meta":{"footnotes":""},"categories":[479,478],"tags":[],"class_list":["post-257537","post","type-post","status-publish","format-standard","has-post-thumbnail","","category-haberler-yerel","category-yerel"],"_links":{"self":[{"href":"https:\/\/archive.sana.sy\/tr\/index.php?rest_route=\/wp\/v2\/posts\/257537","targetHints":{"allow":["GET"]}}],"collection":[{"href":"https:\/\/archive.sana.sy\/tr\/index.php?rest_route=\/wp\/v2\/posts"}],"about":[{"href":"https:\/\/archive.sana.sy\/tr\/index.php?rest_route=\/wp\/v2\/types\/post"}],"author":[{"embeddable":true,"href":"https:\/\/archive.sana.sy\/tr\/index.php?rest_route=\/wp\/v2\/users\/1"}],"replies":[{"embeddable":true,"href":"https:\/\/archive.sana.sy\/tr\/index.php?rest_route=%2Fwp%2Fv2%2Fcomments&post=257537"}],"version-history":[{"count":0,"href":"https:\/\/archive.sana.sy\/tr\/index.php?rest_route=\/wp\/v2\/posts\/257537\/revisions"}],"wp:featuredmedia":[{"embeddable":true,"href":"https:\/\/archive.sana.sy\/tr\/index.php?rest_route=\/wp\/v2\/media\/257538"}],"wp:attachment":[{"href":"https:\/\/archive.sana.sy\/tr\/index.php?rest_route=%2Fwp%2Fv2%2Fmedia&parent=257537"}],"wp:term":[{"taxonomy":"category","embeddable":true,"href":"https:\/\/archive.sana.sy\/tr\/index.php?rest_route=%2Fwp%2Fv2%2Fcategories&post=257537"},{"taxonomy":"post_tag","embeddable":true,"href":"https:\/\/archive.sana.sy\/tr\/index.php?rest_route=%2Fwp%2Fv2%2Ftags&post=257537"}],"curies":[{"name":"wp","href":"https:\/\/api.w.org\/{rel}","templated":true}]}}