{"id":25754,"date":"2015-03-07T11:00:05","date_gmt":"2015-03-07T09:00:05","guid":{"rendered":"http:\/\/www.sana.sy\/tr\/?p=25754"},"modified":"2015-03-08T12:48:17","modified_gmt":"2015-03-08T10:48:17","slug":"batili-ulkeler-teroristleri-destekliyor-ve-suriyeye-saldiriyi-surdurmek-icin-gerekceler-yaratmaya-calisiyor","status":"publish","type":"post","link":"https:\/\/archive.sana.sy\/tr\/?p=25754","title":{"rendered":"Bat\u0131l\u0131 \u00fclkeler, Ter\u00f6ristleri Destekliyor ve Suriye\u2019ye Sald\u0131r\u0131y\u0131 S\u00fcrd\u00fcrmek \u0130\u00e7in Gerek\u00e7eler Yaratmaya \u00c7al\u0131\u015f\u0131yor"},"content":{"rendered":"<p>NEW YORK &#8211; BM G\u00fcvenlik Konseyi, Suriye&#8217;de klor gaz\u0131n\u0131n hangi taraftan olursa olsun kimyasal silah olarak kullan\u0131lmas\u0131n\u0131 k\u0131nayan bir karar\u0131, aralar\u0131nda Rusya ve \u00c7in\u2019in de bulundu\u011fu, Venez\u00fcella\u2019n\u0131n da \u00e7ekimser kald\u0131\u011f\u0131 oylamada, 14 oyla kabul etti.<\/p>\n<p>2209 say\u0131l\u0131 bu karar, Kimyasal Silahlar\u0131n Yasaklanmas\u0131 \u00d6rg\u00fct\u00fc Y\u00f6netim Kurulunun \u00f6rg\u00fcte tabi ger\u00e7ekleri a\u00e7\u0131\u011fa \u00e7\u0131karma heyetinin Suriye\u2019deki \u00e7al\u0131\u015fmalar\u0131n\u0131 s\u00fcrd\u00fcrmesini onaylad\u0131\u011f\u0131n\u0131, b\u00fct\u00fcn taraflar\u0131 tam destek ve i\u015fbirli\u011fine \u00e7a\u011f\u0131rarak bu karar\u0131n metnini ihlal eden herhangi tarafa yapt\u0131r\u0131m uygulama tehdidinde bulundu.<\/p>\n<p>Suriye\u2019nin Birle\u015fmi\u015f Milletlerdeki daimi temsilcisi Be\u015f\u015far Caferi, Amerika Birle\u015fik Devletleri, \u0130ngiltere ve Fransa delegasyonlar\u0131n\u0131n karar\u0131n \u00fcstlenmesi ard\u0131ndan yapt\u0131klar\u0131 m\u00fcdahalelerinin bu karar\u0131 sunanlara y\u00f6nelik k\u00f6t\u00fc niyetlerini yans\u0131tt\u0131\u011f\u0131n\u0131 ve bizlere halihaz\u0131rdaki karar\u0131 sunanlardan ikisinin o zamanda ayn\u0131 iddialar\u0131 kullanarak s\u00f6zde kitle imha silahlar\u0131 program\u0131 ad\u0131 alt\u0131nda Irak\u2019\u0131 i\u015fgal ve y\u0131k\u0131mlar\u0131yla Irak halk\u0131na sunduklar\u0131 hediyeyi hat\u0131rlatt\u0131\u011f\u0131na dikkat \u00e7ekti.<\/p>\n<p>Karar\u0131n \u00fcstlenilmesi ard\u0131ndan BM genel merkezinde d\u00fczenledi\u011fi bas\u0131n toplant\u0131s\u0131nda, Caferi,baz\u0131 \u00fcye \u00fclkelerin \u00e7\u0131karlar\u0131n\u0131n Suriye\u2019deki kriz i\u00e7in Suriye \u00f6nderli\u011finde siyasi \u00e7\u00f6z\u00fcme varmak i\u00e7in gerekli \u00e7abalar\u0131 uygulamaya dayanmad\u0131\u011f\u0131n\u0131 bilakis, Suriye egemenli\u011fine kar\u015f\u0131 sald\u0131r\u0131lar\u0131n\u0131 devam etmek i\u00e7in ihtiyac\u0131n\u0131 duydu\u011fu gerek\u00e7eleri yaratmak i\u00e7in G\u00fcvenlik Konseyi de dahil BM\u2019de mevcut t\u00fcm mekanizmalar\u0131 kullanmaya yeltendi\u011fini s\u00f6yledi.<\/p>\n<p>BM Suriye \u00f6zel temsilcisi Stafan de Mistura\u2019n\u0131n g\u00f6revini ba\u015far\u0131s\u0131zl\u0131\u011fa u\u011fratma giri\u015fimlerine dikkat \u00e7eken Caferi, yeni karar\u0131 sunan iki temel devlet taraf\u0131ndan desteklenen ter\u00f6ristlerin, Halep\u2019te sava\u015f\u0131 dondurmay\u0131 kabul etmediklerini, bu silahl\u0131lar\u0131n \u201c\u0131l\u0131ml\u0131 muhalefet\u201d olarak adland\u0131r\u0131ld\u0131klar\u0131n\u0131 ancak bunlar\u0131n s\u00f6z konusu ter\u00f6ristleri silahland\u0131ran baz\u0131 bat\u0131l\u0131 \u00fclke h\u00fck\u00fcmetlerinin \u00e7\u0131karlar\u0131na hizmet ettiklerini s\u00f6yledi.<\/p>\n<p>Caferi, ba\u015fta ABD olmak \u00fczere bat\u0131l\u0131 \u00fclkelerin yeni karar\u0131n \u00e7\u0131kmas\u0131 i\u00e7in G\u00fcvenlik Konseyine bask\u0131n\u0131n t\u00fcm \u00e7e\u015fitlerini kulland\u0131klar\u0131n\u0131 a\u00e7\u0131lad\u0131.<\/p>\n<p>Caferi, klor gaz\u0131n\u0131n silahl\u0131 ter\u00f6r gruplar\u0131 taraf\u0131ndan kullan\u0131ld\u0131\u011f\u0131n\u0131 Suriye\u2019nin de bunun b\u00fct\u00fcn delillerini sundu\u011funu, ayr\u0131ca failleri ortaya \u00e7\u0131karmak i\u00e7in ger\u00e7ekleri ortaya \u00e7\u0131karma heyetinin g\u00f6nderilmesini de kendisinin istedi\u011fini lakin BM Genel Sekreterinin o zaman \u00f6z\u00fcr dileyerek Suriye h\u00fck\u00fcmetiyle i\u015fbirli\u011fi yapmay\u0131 reddetti\u011fini Amerikan, \u0130ngiliz ve Frans\u0131z delegelerle isti\u015farelerde bulunmas\u0131 ard\u0131ndan faillerin kimli\u011fini a\u00e7\u0131klama g\u00fcc\u00fc olmayan bir heyet g\u00f6nderme karar\u0131 ald\u0131\u011f\u0131na dikkat \u00e7ekti.<\/p>\n<p>Caferi, klor gaz\u0131n\u0131n kullan\u0131lmas\u0131yla ilgili ayn\u0131 hatalar\u0131 tekrarlad\u0131klar\u0131n\u0131 belirterek bu y\u00fczden klor gaz\u0131n\u0131 kullananlar\u0131n kimli\u011fini ortaya \u00e7\u0131karmada yard\u0131mc\u0131 olmas\u0131 i\u00e7in Genel Sekreteri bir kez daha g\u00f6reve \u00e7a\u011f\u0131rd\u0131klar\u0131n\u0131 ifade etti.<\/p>\n<p>Caferi hat\u0131rlatma bab\u0131ndan, klor gaz\u0131n\u0131n Avrupa\u2019da Avrupal\u0131lar, Vietnam\u2019da da Amerikal\u0131lar taraf\u0131ndan kullan\u0131ld\u0131\u011f\u0131na dikkat \u00e7ekti.<\/p>\n<p>Caferi, ger\u00e7ekleri a\u00e7\u0131\u011fa \u00e7\u0131karma heyetinin soru\u015fturma kapsam\u0131ndan sapt\u0131r\u0131ld\u0131\u011f\u0131n\u0131 profesyonel ve ayr\u0131nt\u0131l\u0131 raporlar sunmad\u0131\u011f\u0131n\u0131, Suriye h\u00fck\u00fcmetiyle i\u015fbirli\u011fi yapmayarak, soru\u015fturmalar\u0131n\u0131 Suriye topraklar\u0131 haricinde, me\u00e7hul ve kiral\u0131k tan\u0131klarla yapt\u0131\u011f\u0131n\u0131 a\u00e7\u0131klayarak, bat\u0131l\u0131 \u00fclkelerin bu raporlar\u0131 bask\u0131 edat\u0131 olarak kulland\u0131klar\u0131na dikkat \u00e7ekti.<\/p>\n<p>S.\u015e.<\/p>\n","protected":false},"excerpt":{"rendered":"<p>NEW YORK &#8211; BM G\u00fcvenlik Konseyi, Suriye&#8217;de klor gaz\u0131n\u0131n hangi taraftan olursa olsun kimyasal silah olarak kullan\u0131lmas\u0131n\u0131 k\u0131nayan bir karar\u0131, aralar\u0131nda Rusya ve \u00c7in\u2019in de bulundu\u011fu, Venez\u00fcella\u2019n\u0131n da \u00e7ekimser kald\u0131\u011f\u0131 oylamada, 14 oyla kabul etti. 2209 say\u0131l\u0131 bu karar, Kimyasal Silahlar\u0131n Yasaklanmas\u0131 \u00d6rg\u00fct\u00fc Y\u00f6netim Kurulunun \u00f6rg\u00fcte tabi ger\u00e7ekleri a\u00e7\u0131\u011fa \u00e7\u0131karma heyetinin Suriye\u2019deki \u00e7al\u0131\u015fmalar\u0131n\u0131 s\u00fcrd\u00fcrmesini onaylad\u0131\u011f\u0131n\u0131, &hellip;<\/p>\n","protected":false},"author":1,"featured_media":25756,"comment_status":"closed","ping_status":"closed","sticky":false,"template":"","format":"standard","meta":{"footnotes":""},"categories":[458,459,447],"tags":[12251,12252],"class_list":["post-25754","post","type-post","status-publish","format-standard","has-post-thumbnail","","category-dunya1","category-haberler-arap-uluslararasi-politika","category-politika","tag-batili-ulkeler","tag-teroristleri-destekliyor-ve-suriyeye-saldiriyi-surdurmek-icin-gerekceler-yaratmaya-calisiyor"],"_links":{"self":[{"href":"https:\/\/archive.sana.sy\/tr\/index.php?rest_route=\/wp\/v2\/posts\/25754","targetHints":{"allow":["GET"]}}],"collection":[{"href":"https:\/\/archive.sana.sy\/tr\/index.php?rest_route=\/wp\/v2\/posts"}],"about":[{"href":"https:\/\/archive.sana.sy\/tr\/index.php?rest_route=\/wp\/v2\/types\/post"}],"author":[{"embeddable":true,"href":"https:\/\/archive.sana.sy\/tr\/index.php?rest_route=\/wp\/v2\/users\/1"}],"replies":[{"embeddable":true,"href":"https:\/\/archive.sana.sy\/tr\/index.php?rest_route=%2Fwp%2Fv2%2Fcomments&post=25754"}],"version-history":[{"count":0,"href":"https:\/\/archive.sana.sy\/tr\/index.php?rest_route=\/wp\/v2\/posts\/25754\/revisions"}],"wp:featuredmedia":[{"embeddable":true,"href":"https:\/\/archive.sana.sy\/tr\/index.php?rest_route=\/wp\/v2\/media\/25756"}],"wp:attachment":[{"href":"https:\/\/archive.sana.sy\/tr\/index.php?rest_route=%2Fwp%2Fv2%2Fmedia&parent=25754"}],"wp:term":[{"taxonomy":"category","embeddable":true,"href":"https:\/\/archive.sana.sy\/tr\/index.php?rest_route=%2Fwp%2Fv2%2Fcategories&post=25754"},{"taxonomy":"post_tag","embeddable":true,"href":"https:\/\/archive.sana.sy\/tr\/index.php?rest_route=%2Fwp%2Fv2%2Ftags&post=25754"}],"curies":[{"name":"wp","href":"https:\/\/api.w.org\/{rel}","templated":true}]}}