{"id":257561,"date":"2022-06-23T10:43:47","date_gmt":"2022-06-23T07:43:47","guid":{"rendered":"http:\/\/107.6.182.27\/tr\/?p=257561"},"modified":"2022-06-24T08:55:45","modified_gmt":"2022-06-24T05:55:45","slug":"israil-isgal-gucleri-bati-yakada-7-filistinliyi-tutukladi-7","status":"publish","type":"post","link":"https:\/\/archive.sana.sy\/tr\/?p=257561","title":{"rendered":"\u0130srail \u0130\u015fgal G\u00fc\u00e7leri Bat\u0131 Yaka&#8217;da 7 Filistinliyi Tutuklad\u0131"},"content":{"rendered":"<p>\u0130\u015eGAL ED\u0130LEN KUD\u00dcS \u2013 \u0130srail i\u015fgal g\u00fc\u00e7leri Bat\u0131 Yaka&#8217;n\u0131n farkl\u0131 b\u00f6lgelerinde 7 Filistinliyi tutuklad\u0131.<\/p>\n<p>Filistinli WAFA Haber Ajans\u0131, i\u015fgal g\u00fc\u00e7lerinin Cenin kenti, Tubas&#8217;\u0131n g\u00fcneyindeki Fara&#8217;a kamp\u0131, Beyt Lahm&#8217;\u0131n g\u00fcneyindeki Dhei\u015feh kamp\u0131, El Hal\u0131l&#8217;\u0131n kuzeyindeki Beyt Lahia kasabas\u0131 ve g\u00fcneydeki El Fawwar kamp\u0131na bask\u0131n d\u00fczenledi\u011fini belirtirken, Filistinlilerin evlerine bask\u0131n d\u00fczenledi ve 7 ki\u015fiyi tutuklad\u0131\u011f\u0131na i\u015faret etti.<\/p>\n<p><a class=\"oajrlxb2 g5ia77u1 qu0x051f esr5mh6w e9989ue4 r7d6kgcz rq0escxv nhd2j8a9 nc684nl6 p7hjln8o kvgmc6g5 cxmmr5t8 oygrvhab hcukyx3x jb3vyjys rz4wbd8a qt6c0cv9 a8nywdso i1ao9s8h esuyzwwr f1sip0of lzcic4wl gpro0wi8 q66pz984 b1v8xokw\" tabindex=\"0\" role=\"link\" href=\"https:\/\/www.facebook.com\/hashtag\/telegram_kanal%C4%B1m%C4%B1z?__eep__=6&amp;__cft__[0]=AZXbxWy9Z-T1ua20XXSAHtjIoWtDQ2iuW6LQ6jkNLw-ktKl7wo2T1z8S0XY9LKCoN9R1_lk1rTzFmrpophDAdj3popojJEkufGpFWDjabZeyZqHWFUJhXC9rFmIdxTCcu8M5Jzqi_hjFUHceeZtqEWHyDS0BLwiS_bNMPfCQ_Q4Ekw&amp;__tn__=*NK-R\">#Telegram_Kanal\u0131m\u0131z<\/a>: <a class=\"oajrlxb2 g5ia77u1 qu0x051f esr5mh6w e9989ue4 r7d6kgcz rq0escxv nhd2j8a9 nc684nl6 p7hjln8o kvgmc6g5 cxmmr5t8 oygrvhab hcukyx3x jb3vyjys rz4wbd8a qt6c0cv9 a8nywdso i1ao9s8h esuyzwwr f1sip0of lzcic4wl gpro0wi8 py34i1dx\" tabindex=\"0\" role=\"link\" href=\"https:\/\/t.me\/SuriyeArapHaberAjans?fbclid=IwAR2A8XKza5u2CfheZ0xO5x7qwNgayUASpeRTXgZiyMAK0zseMfTYDLgdE-A\" target=\"_blank\" rel=\"nofollow noopener\">https:\/\/t.me\/SuriyeArapHaberAjans<\/a><\/p>\n","protected":false},"excerpt":{"rendered":"<p>\u0130\u015eGAL ED\u0130LEN KUD\u00dcS \u2013 \u0130srail i\u015fgal g\u00fc\u00e7leri Bat\u0131 Yaka&#8217;n\u0131n farkl\u0131 b\u00f6lgelerinde 7 Filistinliyi tutuklad\u0131. Filistinli WAFA Haber Ajans\u0131, i\u015fgal g\u00fc\u00e7lerinin Cenin kenti, Tubas&#8217;\u0131n g\u00fcneyindeki Fara&#8217;a kamp\u0131, Beyt Lahm&#8217;\u0131n g\u00fcneyindeki Dhei\u015feh kamp\u0131, El Hal\u0131l&#8217;\u0131n kuzeyindeki Beyt Lahia kasabas\u0131 ve g\u00fcneydeki El Fawwar kamp\u0131na bask\u0131n d\u00fczenledi\u011fini belirtirken, Filistinlilerin evlerine bask\u0131n d\u00fczenledi ve 7 ki\u015fiyi tutuklad\u0131\u011f\u0131na i\u015faret etti. &hellip;<\/p>\n","protected":false},"author":39,"featured_media":257562,"comment_status":"closed","ping_status":"closed","sticky":false,"template":"","format":"standard","meta":{"footnotes":""},"categories":[458,459,17988],"tags":[],"class_list":["post-257561","post","type-post","status-publish","format-standard","has-post-thumbnail","","category-dunya1","category-haberler-arap-uluslararasi-politika","category-son-haberler"],"_links":{"self":[{"href":"https:\/\/archive.sana.sy\/tr\/index.php?rest_route=\/wp\/v2\/posts\/257561","targetHints":{"allow":["GET"]}}],"collection":[{"href":"https:\/\/archive.sana.sy\/tr\/index.php?rest_route=\/wp\/v2\/posts"}],"about":[{"href":"https:\/\/archive.sana.sy\/tr\/index.php?rest_route=\/wp\/v2\/types\/post"}],"author":[{"embeddable":true,"href":"https:\/\/archive.sana.sy\/tr\/index.php?rest_route=\/wp\/v2\/users\/39"}],"replies":[{"embeddable":true,"href":"https:\/\/archive.sana.sy\/tr\/index.php?rest_route=%2Fwp%2Fv2%2Fcomments&post=257561"}],"version-history":[{"count":0,"href":"https:\/\/archive.sana.sy\/tr\/index.php?rest_route=\/wp\/v2\/posts\/257561\/revisions"}],"wp:featuredmedia":[{"embeddable":true,"href":"https:\/\/archive.sana.sy\/tr\/index.php?rest_route=\/wp\/v2\/media\/257562"}],"wp:attachment":[{"href":"https:\/\/archive.sana.sy\/tr\/index.php?rest_route=%2Fwp%2Fv2%2Fmedia&parent=257561"}],"wp:term":[{"taxonomy":"category","embeddable":true,"href":"https:\/\/archive.sana.sy\/tr\/index.php?rest_route=%2Fwp%2Fv2%2Fcategories&post=257561"},{"taxonomy":"post_tag","embeddable":true,"href":"https:\/\/archive.sana.sy\/tr\/index.php?rest_route=%2Fwp%2Fv2%2Ftags&post=257561"}],"curies":[{"name":"wp","href":"https:\/\/api.w.org\/{rel}","templated":true}]}}