{"id":257565,"date":"2022-06-23T11:14:26","date_gmt":"2022-06-23T08:14:26","guid":{"rendered":"http:\/\/107.6.182.27\/tr\/?p=257565"},"modified":"2022-06-24T08:55:54","modified_gmt":"2022-06-24T05:55:54","slug":"kirim-cumhuriyeti-berdyansk-ve-mariupol-limanlariyla-deniz-temasini-yeniden-kurmayi-amacliyoruz","status":"publish","type":"post","link":"https:\/\/archive.sana.sy\/tr\/?p=257565","title":{"rendered":"K\u0131r\u0131m Cumhuriyeti: Berdyansk Ve Mariupol Limanlar\u0131yla Deniz Temas\u0131n\u0131 Yeniden Kurmay\u0131 Ama\u00e7l\u0131yoruz"},"content":{"rendered":"<p>MOSKOVA \u2013 Rusya K\u0131r\u0131m Cumhuriyeti Ba\u015fbakan Yard\u0131mc\u0131s\u0131 \u011eeor\u011fy Muradov, yar\u0131madan\u0131n Berdyansk ve Mariupol limanlar\u0131yla deniz ileti\u015fimini yeniden kurmakla ilgilendi\u011fini ilan etti.<\/p>\n<p>NOVOST\u0130 Haber Ajans\u0131, Muradov\u2019dan naklen:\u00a0 \u00a0&#8220;Deniz yollar\u0131n\u0131n restorasyonu ekonomik entegrasyonun bir par\u00e7as\u0131d\u0131r&#8230; Berdyansk, Ker\u00e7 ve Mariupol aras\u0131ndaki deniz yollar\u0131 tarihsel olarak vard\u0131.&#8221; Dedi<\/p>\n<p>Ayr\u0131ca.. \u201cGerekli mal ve yolcular\u0131n yan\u0131 s\u0131ra ilgili armat\u00f6rlerin ak\u0131n\u0131 ortaya \u00e7\u0131kar \u00e7\u0131kmaz deniz haberle\u015fmesi restore edilecek, bu da deniz haberle\u015fmesinin kesinlikle ba\u015far\u0131l\u0131 olaca\u011f\u0131n\u0131 \u00e7\u00fcnk\u00fc mal ve insan ta\u015f\u0131ma ihtiyac\u0131n\u0131n artaca\u011f\u0131n\u0131\u201d belirtti.<\/p>\n<p><a class=\"oajrlxb2 g5ia77u1 qu0x051f esr5mh6w e9989ue4 r7d6kgcz rq0escxv nhd2j8a9 nc684nl6 p7hjln8o kvgmc6g5 cxmmr5t8 oygrvhab hcukyx3x jb3vyjys rz4wbd8a qt6c0cv9 a8nywdso i1ao9s8h esuyzwwr f1sip0of lzcic4wl gpro0wi8 q66pz984 b1v8xokw\" tabindex=\"0\" role=\"link\" href=\"https:\/\/www.facebook.com\/hashtag\/telegram_kanal%C4%B1m%C4%B1z?__eep__=6&amp;__cft__[0]=AZXbxWy9Z-T1ua20XXSAHtjIoWtDQ2iuW6LQ6jkNLw-ktKl7wo2T1z8S0XY9LKCoN9R1_lk1rTzFmrpophDAdj3popojJEkufGpFWDjabZeyZqHWFUJhXC9rFmIdxTCcu8M5Jzqi_hjFUHceeZtqEWHyDS0BLwiS_bNMPfCQ_Q4Ekw&amp;__tn__=*NK-R\">#Telegram_Kanal\u0131m\u0131z<\/a>: <a class=\"oajrlxb2 g5ia77u1 qu0x051f esr5mh6w e9989ue4 r7d6kgcz rq0escxv nhd2j8a9 nc684nl6 p7hjln8o kvgmc6g5 cxmmr5t8 oygrvhab hcukyx3x jb3vyjys rz4wbd8a qt6c0cv9 a8nywdso i1ao9s8h esuyzwwr f1sip0of lzcic4wl gpro0wi8 py34i1dx\" tabindex=\"0\" role=\"link\" href=\"https:\/\/t.me\/SuriyeArapHaberAjans?fbclid=IwAR2A8XKza5u2CfheZ0xO5x7qwNgayUASpeRTXgZiyMAK0zseMfTYDLgdE-A\" target=\"_blank\" rel=\"nofollow noopener\">https:\/\/t.me\/SuriyeArapHaberAjans<\/a><\/p>\n","protected":false},"excerpt":{"rendered":"<p>MOSKOVA \u2013 Rusya K\u0131r\u0131m Cumhuriyeti Ba\u015fbakan Yard\u0131mc\u0131s\u0131 \u011eeor\u011fy Muradov, yar\u0131madan\u0131n Berdyansk ve Mariupol limanlar\u0131yla deniz ileti\u015fimini yeniden kurmakla ilgilendi\u011fini ilan etti. NOVOST\u0130 Haber Ajans\u0131, Muradov\u2019dan naklen:\u00a0 \u00a0&#8220;Deniz yollar\u0131n\u0131n restorasyonu ekonomik entegrasyonun bir par\u00e7as\u0131d\u0131r&#8230; Berdyansk, Ker\u00e7 ve Mariupol aras\u0131ndaki deniz yollar\u0131 tarihsel olarak vard\u0131.&#8221; Dedi Ayr\u0131ca.. \u201cGerekli mal ve yolcular\u0131n yan\u0131 s\u0131ra ilgili armat\u00f6rlerin ak\u0131n\u0131 ortaya &hellip;<\/p>\n","protected":false},"author":39,"featured_media":257566,"comment_status":"closed","ping_status":"closed","sticky":false,"template":"","format":"standard","meta":{"footnotes":""},"categories":[458,459,17988],"tags":[],"class_list":["post-257565","post","type-post","status-publish","format-standard","has-post-thumbnail","","category-dunya1","category-haberler-arap-uluslararasi-politika","category-son-haberler"],"_links":{"self":[{"href":"https:\/\/archive.sana.sy\/tr\/index.php?rest_route=\/wp\/v2\/posts\/257565","targetHints":{"allow":["GET"]}}],"collection":[{"href":"https:\/\/archive.sana.sy\/tr\/index.php?rest_route=\/wp\/v2\/posts"}],"about":[{"href":"https:\/\/archive.sana.sy\/tr\/index.php?rest_route=\/wp\/v2\/types\/post"}],"author":[{"embeddable":true,"href":"https:\/\/archive.sana.sy\/tr\/index.php?rest_route=\/wp\/v2\/users\/39"}],"replies":[{"embeddable":true,"href":"https:\/\/archive.sana.sy\/tr\/index.php?rest_route=%2Fwp%2Fv2%2Fcomments&post=257565"}],"version-history":[{"count":0,"href":"https:\/\/archive.sana.sy\/tr\/index.php?rest_route=\/wp\/v2\/posts\/257565\/revisions"}],"wp:featuredmedia":[{"embeddable":true,"href":"https:\/\/archive.sana.sy\/tr\/index.php?rest_route=\/wp\/v2\/media\/257566"}],"wp:attachment":[{"href":"https:\/\/archive.sana.sy\/tr\/index.php?rest_route=%2Fwp%2Fv2%2Fmedia&parent=257565"}],"wp:term":[{"taxonomy":"category","embeddable":true,"href":"https:\/\/archive.sana.sy\/tr\/index.php?rest_route=%2Fwp%2Fv2%2Fcategories&post=257565"},{"taxonomy":"post_tag","embeddable":true,"href":"https:\/\/archive.sana.sy\/tr\/index.php?rest_route=%2Fwp%2Fv2%2Ftags&post=257565"}],"curies":[{"name":"wp","href":"https:\/\/api.w.org\/{rel}","templated":true}]}}