{"id":257570,"date":"2022-06-22T23:30:56","date_gmt":"2022-06-22T20:30:56","guid":{"rendered":"http:\/\/107.6.182.27\/tr\/?p=257570"},"modified":"2022-06-24T08:55:27","modified_gmt":"2022-06-24T05:55:27","slug":"ticaret-ve-yatirim-alanlarinda-suriye-bahreyn-gorusmeleri","status":"publish","type":"post","link":"https:\/\/archive.sana.sy\/tr\/?p=257570","title":{"rendered":"Ticaret Ve Yat\u0131r\u0131m Alanlar\u0131nda Suriye-Bahreyn G\u00f6r\u00fc\u015fmeleri"},"content":{"rendered":"<p>\u015eAM \u2013 \u0130\u00e7 Ticaret ve T\u00fcketiciyi Koruma Bakan\u0131 Dr. Amro Salim, Bahreyn Krall\u0131\u011f\u0131&#8217;n\u0131n Suriye&#8217;deki Ola\u011fan\u00fcst\u00fc ve Tam Yetkili B\u00fcy\u00fckel\u00e7isi Vahid M\u00fcbarek Seyyar, ticari ve yat\u0131r\u0131m alanlar\u0131nda i\u015fbirli\u011fi ili\u015fkilerini geli\u015ftirmenin yollar\u0131 ve iki karde\u015f \u00fclkeyi ilgilendiren iki karde\u015f \u00fclkeyi ilgilendiren birka\u00e7 konu hakk\u0131nda g\u00f6r\u00fc\u015ft\u00fc.<\/p>\n<p>Bakan Salim, bakanl\u0131\u011f\u0131n, herkesin yarar\u0131na olacak yat\u0131r\u0131m projeleri olu\u015fturmak ve onlar i\u00e7in prosed\u00fcrleri basitle\u015ftirmek i\u00e7in Suriye&#8217;ye giden t\u00fcm i\u015fadamlar\u0131 ve yat\u0131r\u0131mc\u0131lara tam destek verdi\u011fini belirtti.<\/p>\n<p>Kendi y\u00f6n\u00fcnden B\u00fcy\u00fckel\u00e7i Seyyar da iki karde\u015f \u00fclke aras\u0131ndaki tarihi ili\u015fkilerin derinli\u011fini vurgulayarak, Suriye halk\u0131na ve onlar\u0131n maruz kald\u0131\u011f\u0131 k\u00fcresel sava\u015ftan sonra \u00fclkeyi yeniden diriltme konusundaki y\u00f6netimine duydu\u011fu b\u00fcy\u00fck g\u00fcveni ifade etti ve Suriye&#8217;de bar\u0131\u015f ve istikrar\u0131n hakim olmas\u0131n\u0131 diledi.<\/p>\n<p><a class=\"oajrlxb2 g5ia77u1 qu0x051f esr5mh6w e9989ue4 r7d6kgcz rq0escxv nhd2j8a9 nc684nl6 p7hjln8o kvgmc6g5 cxmmr5t8 oygrvhab hcukyx3x jb3vyjys rz4wbd8a qt6c0cv9 a8nywdso i1ao9s8h esuyzwwr f1sip0of lzcic4wl gpro0wi8 q66pz984 b1v8xokw\" tabindex=\"0\" role=\"link\" href=\"https:\/\/www.facebook.com\/hashtag\/telegram_kanal%C4%B1m%C4%B1z?__eep__=6&amp;__cft__[0]=AZXbxWy9Z-T1ua20XXSAHtjIoWtDQ2iuW6LQ6jkNLw-ktKl7wo2T1z8S0XY9LKCoN9R1_lk1rTzFmrpophDAdj3popojJEkufGpFWDjabZeyZqHWFUJhXC9rFmIdxTCcu8M5Jzqi_hjFUHceeZtqEWHyDS0BLwiS_bNMPfCQ_Q4Ekw&amp;__tn__=*NK-R\">#Telegram_Kanal\u0131m\u0131z<\/a>: <a class=\"oajrlxb2 g5ia77u1 qu0x051f esr5mh6w e9989ue4 r7d6kgcz rq0escxv nhd2j8a9 nc684nl6 p7hjln8o kvgmc6g5 cxmmr5t8 oygrvhab hcukyx3x jb3vyjys rz4wbd8a qt6c0cv9 a8nywdso i1ao9s8h esuyzwwr f1sip0of lzcic4wl gpro0wi8 py34i1dx\" tabindex=\"0\" role=\"link\" href=\"https:\/\/t.me\/SuriyeArapHaberAjans?fbclid=IwAR2A8XKza5u2CfheZ0xO5x7qwNgayUASpeRTXgZiyMAK0zseMfTYDLgdE-A\" target=\"_blank\" rel=\"nofollow noopener\">https:\/\/t.me\/SuriyeArapHaberAjans<\/a><\/p>\n","protected":false},"excerpt":{"rendered":"<p>\u015eAM \u2013 \u0130\u00e7 Ticaret ve T\u00fcketiciyi Koruma Bakan\u0131 Dr. Amro Salim, Bahreyn Krall\u0131\u011f\u0131&#8217;n\u0131n Suriye&#8217;deki Ola\u011fan\u00fcst\u00fc ve Tam Yetkili B\u00fcy\u00fckel\u00e7isi Vahid M\u00fcbarek Seyyar, ticari ve yat\u0131r\u0131m alanlar\u0131nda i\u015fbirli\u011fi ili\u015fkilerini geli\u015ftirmenin yollar\u0131 ve iki karde\u015f \u00fclkeyi ilgilendiren iki karde\u015f \u00fclkeyi ilgilendiren birka\u00e7 konu hakk\u0131nda g\u00f6r\u00fc\u015ft\u00fc. Bakan Salim, bakanl\u0131\u011f\u0131n, herkesin yarar\u0131na olacak yat\u0131r\u0131m projeleri olu\u015fturmak ve onlar i\u00e7in &hellip;<\/p>\n","protected":false},"author":39,"featured_media":257571,"comment_status":"closed","ping_status":"closed","sticky":false,"template":"","format":"standard","meta":{"footnotes":""},"categories":[479,17988,478],"tags":[],"class_list":["post-257570","post","type-post","status-publish","format-standard","has-post-thumbnail","","category-haberler-yerel","category-son-haberler","category-yerel"],"_links":{"self":[{"href":"https:\/\/archive.sana.sy\/tr\/index.php?rest_route=\/wp\/v2\/posts\/257570","targetHints":{"allow":["GET"]}}],"collection":[{"href":"https:\/\/archive.sana.sy\/tr\/index.php?rest_route=\/wp\/v2\/posts"}],"about":[{"href":"https:\/\/archive.sana.sy\/tr\/index.php?rest_route=\/wp\/v2\/types\/post"}],"author":[{"embeddable":true,"href":"https:\/\/archive.sana.sy\/tr\/index.php?rest_route=\/wp\/v2\/users\/39"}],"replies":[{"embeddable":true,"href":"https:\/\/archive.sana.sy\/tr\/index.php?rest_route=%2Fwp%2Fv2%2Fcomments&post=257570"}],"version-history":[{"count":0,"href":"https:\/\/archive.sana.sy\/tr\/index.php?rest_route=\/wp\/v2\/posts\/257570\/revisions"}],"wp:featuredmedia":[{"embeddable":true,"href":"https:\/\/archive.sana.sy\/tr\/index.php?rest_route=\/wp\/v2\/media\/257571"}],"wp:attachment":[{"href":"https:\/\/archive.sana.sy\/tr\/index.php?rest_route=%2Fwp%2Fv2%2Fmedia&parent=257570"}],"wp:term":[{"taxonomy":"category","embeddable":true,"href":"https:\/\/archive.sana.sy\/tr\/index.php?rest_route=%2Fwp%2Fv2%2Fcategories&post=257570"},{"taxonomy":"post_tag","embeddable":true,"href":"https:\/\/archive.sana.sy\/tr\/index.php?rest_route=%2Fwp%2Fv2%2Ftags&post=257570"}],"curies":[{"name":"wp","href":"https:\/\/api.w.org\/{rel}","templated":true}]}}