{"id":257587,"date":"2022-06-22T15:33:13","date_gmt":"2022-06-22T12:33:13","guid":{"rendered":"http:\/\/107.6.182.27\/tr\/?p=257587"},"modified":"2022-06-24T08:55:23","modified_gmt":"2022-06-24T05:55:23","slug":"derada-bomba-duzenegi-infilak-etmesi-sonucu-2-kisi-yaralandi","status":"publish","type":"post","link":"https:\/\/archive.sana.sy\/tr\/?p=257587","title":{"rendered":"Dera\u2019da Bomba D\u00fczene\u011fi \u0130nfilak Etti 2 Ki\u015fi Yaraland\u0131"},"content":{"rendered":"<p>DERA \u2013 Dera\u2019n\u0131n g\u00fcneydo\u011fusundaki Dera Ulusal M\u00fczesi yan\u0131ndaki Hamama d\u00f6ner kav\u015fa\u011f\u0131 yak\u0131n\u0131nda, ter\u00f6ristler taraf\u0131ndan sivil bir araca yerle\u015ftirilen patlay\u0131c\u0131n\u0131n infilak etmesi sonucu 2 ki\u015fi yaraland\u0131.<\/p>\n<p>SANA muhabiri, patlaman\u0131n \u00e7evre binalarda da maddi hasara yol a\u00e7t\u0131\u011f\u0131n\u0131 ifada etti.<\/p>\n<p><a class=\"oajrlxb2 g5ia77u1 qu0x051f esr5mh6w e9989ue4 r7d6kgcz rq0escxv nhd2j8a9 nc684nl6 p7hjln8o kvgmc6g5 cxmmr5t8 oygrvhab hcukyx3x jb3vyjys rz4wbd8a qt6c0cv9 a8nywdso i1ao9s8h esuyzwwr f1sip0of lzcic4wl gpro0wi8 q66pz984 b1v8xokw\" tabindex=\"0\" role=\"link\" href=\"https:\/\/www.facebook.com\/hashtag\/telegram_kanal%C4%B1m%C4%B1z?__eep__=6&amp;__cft__[0]=AZXbxWy9Z-T1ua20XXSAHtjIoWtDQ2iuW6LQ6jkNLw-ktKl7wo2T1z8S0XY9LKCoN9R1_lk1rTzFmrpophDAdj3popojJEkufGpFWDjabZeyZqHWFUJhXC9rFmIdxTCcu8M5Jzqi_hjFUHceeZtqEWHyDS0BLwiS_bNMPfCQ_Q4Ekw&amp;__tn__=*NK-R\">#Telegram_Kanal\u0131m\u0131z<\/a>: <a class=\"oajrlxb2 g5ia77u1 qu0x051f esr5mh6w e9989ue4 r7d6kgcz rq0escxv nhd2j8a9 nc684nl6 p7hjln8o kvgmc6g5 cxmmr5t8 oygrvhab hcukyx3x jb3vyjys rz4wbd8a qt6c0cv9 a8nywdso i1ao9s8h esuyzwwr f1sip0of lzcic4wl gpro0wi8 py34i1dx\" tabindex=\"0\" role=\"link\" href=\"https:\/\/t.me\/SuriyeArapHaberAjans?fbclid=IwAR2A8XKza5u2CfheZ0xO5x7qwNgayUASpeRTXgZiyMAK0zseMfTYDLgdE-A\" target=\"_blank\" rel=\"nofollow noopener\">https:\/\/t.me\/SuriyeArapHaberAjans<\/a><\/p>\n","protected":false},"excerpt":{"rendered":"<p>DERA \u2013 Dera\u2019n\u0131n g\u00fcneydo\u011fusundaki Dera Ulusal M\u00fczesi yan\u0131ndaki Hamama d\u00f6ner kav\u015fa\u011f\u0131 yak\u0131n\u0131nda, ter\u00f6ristler taraf\u0131ndan sivil bir araca yerle\u015ftirilen patlay\u0131c\u0131n\u0131n infilak etmesi sonucu 2 ki\u015fi yaraland\u0131. SANA muhabiri, patlaman\u0131n \u00e7evre binalarda da maddi hasara yol a\u00e7t\u0131\u011f\u0131n\u0131 ifada etti. #Telegram_Kanal\u0131m\u0131z: https:\/\/t.me\/SuriyeArapHaberAjans<\/p>\n","protected":false},"author":39,"featured_media":257588,"comment_status":"closed","ping_status":"closed","sticky":false,"template":"","format":"standard","meta":{"footnotes":""},"categories":[479,516,575,17988,478],"tags":[],"class_list":["post-257587","post","type-post","status-publish","format-standard","has-post-thumbnail","","category-haberler-yerel","category-haberler-kultur-ve-sanat","category-olaylar-ve-gercekler","category-son-haberler","category-yerel"],"_links":{"self":[{"href":"https:\/\/archive.sana.sy\/tr\/index.php?rest_route=\/wp\/v2\/posts\/257587","targetHints":{"allow":["GET"]}}],"collection":[{"href":"https:\/\/archive.sana.sy\/tr\/index.php?rest_route=\/wp\/v2\/posts"}],"about":[{"href":"https:\/\/archive.sana.sy\/tr\/index.php?rest_route=\/wp\/v2\/types\/post"}],"author":[{"embeddable":true,"href":"https:\/\/archive.sana.sy\/tr\/index.php?rest_route=\/wp\/v2\/users\/39"}],"replies":[{"embeddable":true,"href":"https:\/\/archive.sana.sy\/tr\/index.php?rest_route=%2Fwp%2Fv2%2Fcomments&post=257587"}],"version-history":[{"count":0,"href":"https:\/\/archive.sana.sy\/tr\/index.php?rest_route=\/wp\/v2\/posts\/257587\/revisions"}],"wp:featuredmedia":[{"embeddable":true,"href":"https:\/\/archive.sana.sy\/tr\/index.php?rest_route=\/wp\/v2\/media\/257588"}],"wp:attachment":[{"href":"https:\/\/archive.sana.sy\/tr\/index.php?rest_route=%2Fwp%2Fv2%2Fmedia&parent=257587"}],"wp:term":[{"taxonomy":"category","embeddable":true,"href":"https:\/\/archive.sana.sy\/tr\/index.php?rest_route=%2Fwp%2Fv2%2Fcategories&post=257587"},{"taxonomy":"post_tag","embeddable":true,"href":"https:\/\/archive.sana.sy\/tr\/index.php?rest_route=%2Fwp%2Fv2%2Ftags&post=257587"}],"curies":[{"name":"wp","href":"https:\/\/api.w.org\/{rel}","templated":true}]}}