{"id":25765,"date":"2015-03-07T11:08:31","date_gmt":"2015-03-07T09:08:31","guid":{"rendered":"http:\/\/www.sana.sy\/tr\/?p=25765"},"modified":"2015-03-07T11:08:31","modified_gmt":"2015-03-07T09:08:31","slug":"askeri-kaynak-ordu-birliklerimizin-homs-kirsali-resten-ve-el-gacer-ciftliklerinde-tekfiri-teror-orgutlerine-tabi-bir-silah-ve-cephane-deposu-ile-bazi-araclarini-imha-ettiklerini-saflarinda-bazi-teror","status":"publish","type":"post","link":"https:\/\/archive.sana.sy\/tr\/?p=25765","title":{"rendered":"Askeri kaynak, ordu birliklerimizin Homs k\u0131rsal\u0131 Resten ve el Gacer \u00c7iftliklerinde tekfiri ter\u00f6r \u00f6rg\u00fctlerine tabi bir silah ve cephane deposu ile baz\u0131 ara\u00e7lar\u0131n\u0131 imha ettiklerini saflar\u0131nda baz\u0131 ter\u00f6ristleri de \u00f6l\u00fc d\u00fc\u015f\u00fcrd\u00fcklerini s\u00f6yledi."},"content":{"rendered":"<p>Askeri kaynak, ordu birliklerimizin Homs k\u0131rsal\u0131 Resten ve el Gacer \u00c7iftliklerinde tekfiri ter\u00f6r \u00f6rg\u00fctlerine tabi bir silah ve cephane deposu ile baz\u0131 ara\u00e7lar\u0131n\u0131 imha ettiklerini saflar\u0131nda baz\u0131 ter\u00f6ristleri de \u00f6l\u00fc d\u00fc\u015f\u00fcrd\u00fcklerini s\u00f6yledi.<\/p>\n","protected":false},"excerpt":{"rendered":"<p>Askeri kaynak, ordu birliklerimizin Homs k\u0131rsal\u0131 Resten ve el Gacer \u00c7iftliklerinde tekfiri ter\u00f6r \u00f6rg\u00fctlerine tabi bir silah ve cephane deposu ile baz\u0131 ara\u00e7lar\u0131n\u0131 imha ettiklerini saflar\u0131nda baz\u0131 ter\u00f6ristleri de \u00f6l\u00fc d\u00fc\u015f\u00fcrd\u00fcklerini s\u00f6yledi.<\/p>\n","protected":false},"author":1,"featured_media":0,"comment_status":"closed","ping_status":"closed","sticky":false,"template":"","format":"standard","meta":{"footnotes":""},"categories":[1],"tags":[1031,12260],"class_list":["post-25765","post","type-post","status-publish","format-standard","","category-news-not-sorted","tag-askeri-kaynak","tag-ordu-birliklerimizin-homs-kirsali-resten-ve-el-gacer-ciftliklerinde-tekfiri-teror-orgutlerine-tabi-bir-silah-ve-cephane-deposu-ile-bazi-araclarini-imha-ettiklerini-saflarinda-bazi-teroristleri-de-olu"],"_links":{"self":[{"href":"https:\/\/archive.sana.sy\/tr\/index.php?rest_route=\/wp\/v2\/posts\/25765","targetHints":{"allow":["GET"]}}],"collection":[{"href":"https:\/\/archive.sana.sy\/tr\/index.php?rest_route=\/wp\/v2\/posts"}],"about":[{"href":"https:\/\/archive.sana.sy\/tr\/index.php?rest_route=\/wp\/v2\/types\/post"}],"author":[{"embeddable":true,"href":"https:\/\/archive.sana.sy\/tr\/index.php?rest_route=\/wp\/v2\/users\/1"}],"replies":[{"embeddable":true,"href":"https:\/\/archive.sana.sy\/tr\/index.php?rest_route=%2Fwp%2Fv2%2Fcomments&post=25765"}],"version-history":[{"count":0,"href":"https:\/\/archive.sana.sy\/tr\/index.php?rest_route=\/wp\/v2\/posts\/25765\/revisions"}],"wp:attachment":[{"href":"https:\/\/archive.sana.sy\/tr\/index.php?rest_route=%2Fwp%2Fv2%2Fmedia&parent=25765"}],"wp:term":[{"taxonomy":"category","embeddable":true,"href":"https:\/\/archive.sana.sy\/tr\/index.php?rest_route=%2Fwp%2Fv2%2Fcategories&post=25765"},{"taxonomy":"post_tag","embeddable":true,"href":"https:\/\/archive.sana.sy\/tr\/index.php?rest_route=%2Fwp%2Fv2%2Ftags&post=25765"}],"curies":[{"name":"wp","href":"https:\/\/api.w.org\/{rel}","templated":true}]}}