{"id":257665,"date":"2022-06-23T23:50:11","date_gmt":"2022-06-23T20:50:11","guid":{"rendered":"http:\/\/107.6.182.27\/tr\/?p=257665"},"modified":"2022-06-26T08:29:51","modified_gmt":"2022-06-26T05:29:51","slug":"suriye-filistin-halkinin-haklarini-geri-alma-mucadelesinde-destegini-yineledi","status":"publish","type":"post","link":"https:\/\/archive.sana.sy\/tr\/?p=257665","title":{"rendered":"Suriye, Filistin Halk\u0131n\u0131n Haklar\u0131n\u0131 Geri Alma M\u00fccadelesinde Deste\u011fini Yineledi"},"content":{"rendered":"<p>NEW YORK \u2013 Suriye&#8217;nin Birle\u015fmi\u015f Milletler Daimi Temsilcisi B\u00fcy\u00fckel\u00e7i Besam Sabba\u011f, Suriye&#8217;nin Filistin halk\u0131n\u0131 i\u015fgal alt\u0131ndaki topraklar\u0131n\u0131 ve me\u015fru haklar\u0131n\u0131 geri kazanma m\u00fccadelesinde desteklemek i\u00e7in hi\u00e7bir \u00e7abadan ka\u00e7\u0131nmad\u0131\u011f\u0131n\u0131 ve bundan ka\u00e7\u0131nmayaca\u011f\u0131n\u0131 yineledi.<\/p>\n<p>B\u00fcy\u00fckel\u00e7i, Filistinli m\u00fcltecilerin haklar\u0131n\u0131 koruma sorumlulu\u011funun tart\u0131\u015f\u0131lamaz oldu\u011funu vurgulad\u0131.<\/p>\n<p>B\u00fcy\u00fckel\u00e7i sabba\u011f, UNRWA Ba\u011f\u0131\u015f Konferans\u0131&#8217;na yapt\u0131\u011f\u0131 a\u00e7\u0131klamada, &#8220;Filistin davas\u0131, karde\u015f Filistin halk\u0131n\u0131 i\u015fgal alt\u0131ndaki t\u00fcm topraklar\u0131n\u0131 ve me\u015fru haklar\u0131n\u0131 geri alma m\u00fccadelesinde desteklemek i\u00e7in hi\u00e7bir \u00e7abay\u0131 esirgemeyen ve esirgemeyecek olan Suriye&#8217;nin temel davas\u0131 olmaya devam ediyor&#8221; dedi.<\/p>\n<p>Bu ba\u011flamda, Filistinlilerin ba\u015fkenti Kud\u00fcs olan ba\u011f\u0131ms\u0131z bir Devlet kurma hakk\u0131na ve Filistinli m\u00fcltecilerin uluslararas\u0131 hukuka ve ilgili Birle\u015fmi\u015f Milletler kararlar\u0131, \u00f6zellikle 1948 y\u0131l\u0131 194 say\u0131l\u0131 Karara uygun olarak anavatanlar\u0131na d\u00f6nme haklar\u0131na verilen deste\u011fin devam etti\u011fini yineledi.<\/p>\n<p>Sabba\u011f ayr\u0131ca, \u201cSuriye&#8217;nin ter\u00f6r sava\u015f\u0131n\u0131n bir sonucu olarak on y\u0131ld\u0131r ya\u015fad\u0131\u011f\u0131 zorlu ekonomik ko\u015fullar ve baz\u0131 Bat\u0131l\u0131 \u00fclkelerin uygulad\u0131\u011f\u0131 zorlay\u0131c\u0131 yapt\u0131r\u0131mlar, Suriye&#8217;nin hem Suriyelilerin hem de Filistinlilerin ihtiya\u00e7lar\u0131na cevap verme kabiliyetini s\u0131n\u0131rlad\u0131\u201d dedi.<\/p>\n<p>Sabba\u011f, \u201cUNRWA&#8217;n\u0131n g\u00f6revini koruma sorumlulu\u011fu kolektif ve asildir ve UNRWA&#8217;ya kar\u015f\u0131 bu haklar\u0131 baltalamay\u0131 ama\u00e7layan koordineli kampanyalar\u0131n artan d\u00fc\u015fmanl\u0131\u011f\u0131na ra\u011fmen Filistinli m\u00fcltecilerin haklar\u0131n\u0131 korumak pazarl\u0131k konusu olamaz\u201d dedi.<\/p>\n<p><span style=\"color: #0000ff;\">#Telegram_Kanal\u0131m\u0131z: https:\/\/t.me\/SuriyeArapHaberAjans<\/span><\/p>\n","protected":false},"excerpt":{"rendered":"<p>NEW YORK \u2013 Suriye&#8217;nin Birle\u015fmi\u015f Milletler Daimi Temsilcisi B\u00fcy\u00fckel\u00e7i Besam Sabba\u011f, Suriye&#8217;nin Filistin halk\u0131n\u0131 i\u015fgal alt\u0131ndaki topraklar\u0131n\u0131 ve me\u015fru haklar\u0131n\u0131 geri kazanma m\u00fccadelesinde desteklemek i\u00e7in hi\u00e7bir \u00e7abadan ka\u00e7\u0131nmad\u0131\u011f\u0131n\u0131 ve bundan ka\u00e7\u0131nmayaca\u011f\u0131n\u0131 yineledi. B\u00fcy\u00fckel\u00e7i, Filistinli m\u00fcltecilerin haklar\u0131n\u0131 koruma sorumlulu\u011funun tart\u0131\u015f\u0131lamaz oldu\u011funu vurgulad\u0131. B\u00fcy\u00fckel\u00e7i sabba\u011f, UNRWA Ba\u011f\u0131\u015f Konferans\u0131&#8217;na yapt\u0131\u011f\u0131 a\u00e7\u0131klamada, &#8220;Filistin davas\u0131, karde\u015f Filistin halk\u0131n\u0131 i\u015fgal alt\u0131ndaki &hellip;<\/p>\n","protected":false},"author":36,"featured_media":257666,"comment_status":"closed","ping_status":"closed","sticky":false,"template":"","format":"standard","meta":{"footnotes":""},"categories":[458,459,17988],"tags":[],"class_list":["post-257665","post","type-post","status-publish","format-standard","has-post-thumbnail","","category-dunya1","category-haberler-arap-uluslararasi-politika","category-son-haberler"],"_links":{"self":[{"href":"https:\/\/archive.sana.sy\/tr\/index.php?rest_route=\/wp\/v2\/posts\/257665","targetHints":{"allow":["GET"]}}],"collection":[{"href":"https:\/\/archive.sana.sy\/tr\/index.php?rest_route=\/wp\/v2\/posts"}],"about":[{"href":"https:\/\/archive.sana.sy\/tr\/index.php?rest_route=\/wp\/v2\/types\/post"}],"author":[{"embeddable":true,"href":"https:\/\/archive.sana.sy\/tr\/index.php?rest_route=\/wp\/v2\/users\/36"}],"replies":[{"embeddable":true,"href":"https:\/\/archive.sana.sy\/tr\/index.php?rest_route=%2Fwp%2Fv2%2Fcomments&post=257665"}],"version-history":[{"count":0,"href":"https:\/\/archive.sana.sy\/tr\/index.php?rest_route=\/wp\/v2\/posts\/257665\/revisions"}],"wp:featuredmedia":[{"embeddable":true,"href":"https:\/\/archive.sana.sy\/tr\/index.php?rest_route=\/wp\/v2\/media\/257666"}],"wp:attachment":[{"href":"https:\/\/archive.sana.sy\/tr\/index.php?rest_route=%2Fwp%2Fv2%2Fmedia&parent=257665"}],"wp:term":[{"taxonomy":"category","embeddable":true,"href":"https:\/\/archive.sana.sy\/tr\/index.php?rest_route=%2Fwp%2Fv2%2Fcategories&post=257665"},{"taxonomy":"post_tag","embeddable":true,"href":"https:\/\/archive.sana.sy\/tr\/index.php?rest_route=%2Fwp%2Fv2%2Ftags&post=257665"}],"curies":[{"name":"wp","href":"https:\/\/api.w.org\/{rel}","templated":true}]}}