{"id":257697,"date":"2022-06-24T20:08:51","date_gmt":"2022-06-24T17:08:51","guid":{"rendered":"http:\/\/107.6.182.27\/tr\/?p=257697"},"modified":"2022-06-26T08:30:06","modified_gmt":"2022-06-26T05:30:06","slug":"iran-suriye-dostluk-dernegi-suriye-ile-guclu-ticari-iliskileri-surdurmeyi-dort-gozle-bekliyoruz","status":"publish","type":"post","link":"https:\/\/archive.sana.sy\/tr\/?p=257697","title":{"rendered":"\u0130ran-Suriye Dostluk Derne\u011fi: Suriye \u0130le G\u00fc\u00e7l\u00fc Ticari \u0130li\u015fkileri S\u00fcrd\u00fcrmeyi D\u00f6rt G\u00f6zle Bekliyoruz"},"content":{"rendered":"<p>TAHRAN \u2013 \u0130ran-Suriye Dostluk Derne\u011fi ba\u015fkan\u0131 Hassan \u015eahisi, \u0130ran&#8217;\u0131n Suriye ile g\u00fc\u00e7l\u00fc ve s\u00fcrekli ili\u015fkileri s\u00fcrd\u00fcrme konusundaki isteklili\u011fini do\u011frulad\u0131.<\/p>\n<p>Do\u011fu Azerbaycan eyaletinin ba\u015fkenti Tebriz Ticaret Odas\u0131 Ba\u015fkan\u0131 Yunus Jaileh ile yapt\u0131\u011f\u0131 g\u00f6r\u00fc\u015fmede \u015eahisi, &#8220;bu ama\u00e7la ticaret ve ihracat a\u00e7\u0131s\u0131ndan iyi seviyede olan \u0130ran&#8217;\u0131n \u00e7e\u015fitli illerinde g\u00f6r\u00fc\u015f al\u0131\u015fveri\u015finde bulunmak \u00fczere toplant\u0131lar d\u00fczenlemeye karar verdik&#8221; dedi.<\/p>\n<p>\u015eahisi, &#8220;\u0130ranl\u0131 t\u00fcccarlar\u0131n Suriye pazar\u0131ndaki aktif rol\u00fcn\u00fc vurgularken, \u0130ran ve Suriye aras\u0131ndaki ticaret al\u0131\u015fveri\u015fini etkinle\u015ftirmeye \u00e7al\u0131\u015f\u0131yoruz&#8221; dedi.<\/p>\n<p>Yunus Jaileh ise Do\u011fu Azerbaycan&#8217;daki t\u00fcccar ve yat\u0131r\u0131mc\u0131lar\u0131n Suriye&#8217;deki sanayicilerle ticaret al\u0131\u015fveri\u015fini art\u0131rmaya y\u00f6nelik ilgisine dikkat \u00e7ekti.<\/p>\n","protected":false},"excerpt":{"rendered":"<p>TAHRAN \u2013 \u0130ran-Suriye Dostluk Derne\u011fi ba\u015fkan\u0131 Hassan \u015eahisi, \u0130ran&#8217;\u0131n Suriye ile g\u00fc\u00e7l\u00fc ve s\u00fcrekli ili\u015fkileri s\u00fcrd\u00fcrme konusundaki isteklili\u011fini do\u011frulad\u0131. Do\u011fu Azerbaycan eyaletinin ba\u015fkenti Tebriz Ticaret Odas\u0131 Ba\u015fkan\u0131 Yunus Jaileh ile yapt\u0131\u011f\u0131 g\u00f6r\u00fc\u015fmede \u015eahisi, &#8220;bu ama\u00e7la ticaret ve ihracat a\u00e7\u0131s\u0131ndan iyi seviyede olan \u0130ran&#8217;\u0131n \u00e7e\u015fitli illerinde g\u00f6r\u00fc\u015f al\u0131\u015fveri\u015finde bulunmak \u00fczere toplant\u0131lar d\u00fczenlemeye karar verdik&#8221; dedi. \u015eahisi, &hellip;<\/p>\n","protected":false},"author":36,"featured_media":257698,"comment_status":"closed","ping_status":"closed","sticky":false,"template":"","format":"standard","meta":{"footnotes":""},"categories":[458,459,17988],"tags":[],"class_list":["post-257697","post","type-post","status-publish","format-standard","has-post-thumbnail","","category-dunya1","category-haberler-arap-uluslararasi-politika","category-son-haberler"],"_links":{"self":[{"href":"https:\/\/archive.sana.sy\/tr\/index.php?rest_route=\/wp\/v2\/posts\/257697","targetHints":{"allow":["GET"]}}],"collection":[{"href":"https:\/\/archive.sana.sy\/tr\/index.php?rest_route=\/wp\/v2\/posts"}],"about":[{"href":"https:\/\/archive.sana.sy\/tr\/index.php?rest_route=\/wp\/v2\/types\/post"}],"author":[{"embeddable":true,"href":"https:\/\/archive.sana.sy\/tr\/index.php?rest_route=\/wp\/v2\/users\/36"}],"replies":[{"embeddable":true,"href":"https:\/\/archive.sana.sy\/tr\/index.php?rest_route=%2Fwp%2Fv2%2Fcomments&post=257697"}],"version-history":[{"count":0,"href":"https:\/\/archive.sana.sy\/tr\/index.php?rest_route=\/wp\/v2\/posts\/257697\/revisions"}],"wp:featuredmedia":[{"embeddable":true,"href":"https:\/\/archive.sana.sy\/tr\/index.php?rest_route=\/wp\/v2\/media\/257698"}],"wp:attachment":[{"href":"https:\/\/archive.sana.sy\/tr\/index.php?rest_route=%2Fwp%2Fv2%2Fmedia&parent=257697"}],"wp:term":[{"taxonomy":"category","embeddable":true,"href":"https:\/\/archive.sana.sy\/tr\/index.php?rest_route=%2Fwp%2Fv2%2Fcategories&post=257697"},{"taxonomy":"post_tag","embeddable":true,"href":"https:\/\/archive.sana.sy\/tr\/index.php?rest_route=%2Fwp%2Fv2%2Ftags&post=257697"}],"curies":[{"name":"wp","href":"https:\/\/api.w.org\/{rel}","templated":true}]}}