{"id":257788,"date":"2022-06-26T11:50:33","date_gmt":"2022-06-26T08:50:33","guid":{"rendered":"http:\/\/107.6.182.27\/tr\/?p=257788"},"modified":"2022-06-27T08:24:34","modified_gmt":"2022-06-27T05:24:34","slug":"turk-isgali-ve-ceteleri-tel-temr-kirsalindaki-koylere-saldirilarini-yeniledi","status":"publish","type":"post","link":"https:\/\/archive.sana.sy\/tr\/?p=257788","title":{"rendered":"T\u00fcrk \u0130\u015fgali Ve \u00c7eteleri Tel Temr K\u0131rsal\u0131ndaki K\u00f6ylere Sald\u0131r\u0131lar\u0131n\u0131 Yeniledi"},"content":{"rendered":"<p>HASEKE \u2013 T\u00fcrk i\u015fgal g\u00fc\u00e7leri ve \u00e7eteleri, Haseke&#8217;nin kuzeybat\u0131s\u0131ndaki Tel Temr k\u0131rsal\u0131na ba\u011fl\u0131 k\u00f6ylere top\u00e7u ve f\u00fcze mermileriyle sald\u0131r\u0131lar\u0131n\u0131 yeniledi.<\/p>\n<p>SANA muhabiri, T\u00fcrk i\u015fgalcilerinin top\u00e7ular\u0131n\u0131n, El Haseke ilin kuzeybat\u0131s\u0131ndaki Tel Temr k\u0131rsal\u0131na ba\u011fl\u0131 k\u00f6yleri top\u00e7u ve f\u00fcze mermileriyle bombalad\u0131\u011f\u0131n\u0131 belirtti.<\/p>\n<p><a class=\"oajrlxb2 g5ia77u1 qu0x051f esr5mh6w e9989ue4 r7d6kgcz rq0escxv nhd2j8a9 nc684nl6 p7hjln8o kvgmc6g5 cxmmr5t8 oygrvhab hcukyx3x jb3vyjys rz4wbd8a qt6c0cv9 a8nywdso i1ao9s8h esuyzwwr f1sip0of lzcic4wl gpro0wi8 q66pz984 b1v8xokw\" tabindex=\"0\" role=\"link\" href=\"https:\/\/www.facebook.com\/hashtag\/telegram_kanal%C4%B1m%C4%B1z?__eep__=6&amp;__cft__[0]=AZWYKdYWpNk7Nmp0c2-CY4t6TYMM9IqLaFSHHjPbvWHqGNxx4K8Mw4Ro8_da-sSpFw8EYfn8Ezyn_C9xbC_5WMWlohU-0Wr_WjI-m0TXO2IIglM0BPb4Wasll8aQhRj0FGhAoRLtZNSO96te0lJGSxjy3s6LuP7IXhz_2tg5KYVZVQ&amp;__tn__=*NK-R\">#Telegram_Kanal\u0131m\u0131z<\/a>: <a class=\"oajrlxb2 g5ia77u1 qu0x051f esr5mh6w e9989ue4 r7d6kgcz rq0escxv nhd2j8a9 nc684nl6 p7hjln8o kvgmc6g5 cxmmr5t8 oygrvhab hcukyx3x jb3vyjys rz4wbd8a qt6c0cv9 a8nywdso i1ao9s8h esuyzwwr f1sip0of lzcic4wl gpro0wi8 py34i1dx\" tabindex=\"0\" role=\"link\" href=\"https:\/\/t.me\/SuriyeArapHaberAjans?fbclid=IwAR3mIPq4sH8c_nYXhWaKqpP0IFcGJ05IZFpeCHmOXW-utk_NC8MO3D1Vheo\" target=\"_blank\" rel=\"nofollow noopener\">https:\/\/t.me\/SuriyeArapHaberAjans<\/a><\/p>\n","protected":false},"excerpt":{"rendered":"<p>HASEKE \u2013 T\u00fcrk i\u015fgal g\u00fc\u00e7leri ve \u00e7eteleri, Haseke&#8217;nin kuzeybat\u0131s\u0131ndaki Tel Temr k\u0131rsal\u0131na ba\u011fl\u0131 k\u00f6ylere top\u00e7u ve f\u00fcze mermileriyle sald\u0131r\u0131lar\u0131n\u0131 yeniledi. SANA muhabiri, T\u00fcrk i\u015fgalcilerinin top\u00e7ular\u0131n\u0131n, El Haseke ilin kuzeybat\u0131s\u0131ndaki Tel Temr k\u0131rsal\u0131na ba\u011fl\u0131 k\u00f6yleri top\u00e7u ve f\u00fcze mermileriyle bombalad\u0131\u011f\u0131n\u0131 belirtti. #Telegram_Kanal\u0131m\u0131z: https:\/\/t.me\/SuriyeArapHaberAjans<\/p>\n","protected":false},"author":39,"featured_media":257789,"comment_status":"closed","ping_status":"closed","sticky":false,"template":"","format":"standard","meta":{"footnotes":""},"categories":[479,575,17988,478],"tags":[],"class_list":["post-257788","post","type-post","status-publish","format-standard","has-post-thumbnail","","category-haberler-yerel","category-olaylar-ve-gercekler","category-son-haberler","category-yerel"],"_links":{"self":[{"href":"https:\/\/archive.sana.sy\/tr\/index.php?rest_route=\/wp\/v2\/posts\/257788","targetHints":{"allow":["GET"]}}],"collection":[{"href":"https:\/\/archive.sana.sy\/tr\/index.php?rest_route=\/wp\/v2\/posts"}],"about":[{"href":"https:\/\/archive.sana.sy\/tr\/index.php?rest_route=\/wp\/v2\/types\/post"}],"author":[{"embeddable":true,"href":"https:\/\/archive.sana.sy\/tr\/index.php?rest_route=\/wp\/v2\/users\/39"}],"replies":[{"embeddable":true,"href":"https:\/\/archive.sana.sy\/tr\/index.php?rest_route=%2Fwp%2Fv2%2Fcomments&post=257788"}],"version-history":[{"count":0,"href":"https:\/\/archive.sana.sy\/tr\/index.php?rest_route=\/wp\/v2\/posts\/257788\/revisions"}],"wp:featuredmedia":[{"embeddable":true,"href":"https:\/\/archive.sana.sy\/tr\/index.php?rest_route=\/wp\/v2\/media\/257789"}],"wp:attachment":[{"href":"https:\/\/archive.sana.sy\/tr\/index.php?rest_route=%2Fwp%2Fv2%2Fmedia&parent=257788"}],"wp:term":[{"taxonomy":"category","embeddable":true,"href":"https:\/\/archive.sana.sy\/tr\/index.php?rest_route=%2Fwp%2Fv2%2Fcategories&post=257788"},{"taxonomy":"post_tag","embeddable":true,"href":"https:\/\/archive.sana.sy\/tr\/index.php?rest_route=%2Fwp%2Fv2%2Ftags&post=257788"}],"curies":[{"name":"wp","href":"https:\/\/api.w.org\/{rel}","templated":true}]}}