{"id":25779,"date":"2015-03-07T13:03:27","date_gmt":"2015-03-07T11:03:27","guid":{"rendered":"http:\/\/www.sana.sy\/tr\/?p=25779"},"modified":"2015-03-07T13:04:51","modified_gmt":"2015-03-07T11:04:51","slug":"musluman-kardesci-akp-iktidari-turkiyeyi-ucuruma-surukluyor","status":"publish","type":"post","link":"https:\/\/archive.sana.sy\/tr\/?p=25779","title":{"rendered":"M\u00fcsl\u00fcman Karde\u015f\u00e7i AKP \u0130ktidar\u0131 T\u00fcrkiye&#8217;yi U\u00e7uruma S\u00fcr\u00fckl\u00fcyor"},"content":{"rendered":"<p>TRABLUS \u2013 Libyal\u0131 g\u00f6stericiler \u00fclkenin do\u011fusu Bayda Kentinde d\u00fczenledikleri kitlesel g\u00f6steride ba\u015fta M\u00fcsl\u00fcman Karde\u015fler olmak \u00fczere \u00fclkelerinde mevcut ter\u00f6r \u00f6rg\u00fctlere desteklerinden dolay\u0131 ABD, T\u00fcrkiye, Katar ve \u0130ngiltere\u2019nin bayraklar\u0131n\u0131 ate\u015fe verdiler.<\/p>\n<p>Libyal\u0131 Bavvabet el Vasat haber sitesinin aktard\u0131\u011f\u0131 haberde kentin ana meydan\u0131nda toplanan halk kitlelerinin s\u00f6z konusu devletlerin h\u00fck\u00fcmetlerini ve ter\u00f6ristlere desteklerini k\u0131nayan sloganlar hayk\u0131rd\u0131klar\u0131n\u0131 aktard\u0131. Haberde g\u00f6stericilerin, \u00fclkenin muhtelif b\u00f6lgelerinde ter\u00f6ristlere kar\u015f\u0131 sava\u015f veren Libya ordusuna da destek sloganlar\u0131 at\u0131ld\u0131\u011f\u0131 bildirildi.<\/p>\n<p>Aralar\u0131nda T\u00fcrkiye&#8217;deki ihvanc\u0131 rejiminin de dahil oldu\u011fu Bat\u0131l\u0131 devletlerin 2011 y\u0131l\u0131nda Libya Ba\u015fkan\u0131 Muammer el Kaddafi\u2019ye kar\u015f\u0131 sava\u015f a\u00e7malar\u0131 ve devlet y\u00f6netimini bertaraf etmeleri ard\u0131ndan Libya kaos, ter\u00f6r ve \u015fiddetin i\u00e7ine bo\u011fuldu. S\u00f6z konusu devletler Libya&#8217;da y\u00f6netimi d\u00fc\u015f\u00fcrmekle kalmay\u0131p g\u00fcn\u00fcm\u00fcze dek radikal ter\u00f6r \u00e7etelere her t\u00fcrl\u00fc deste\u011fi sa\u011flamaktalar.<\/p>\n<p>\u00c7ok say\u0131da medya ve istihbarat raporu T\u00fcrkiye&#8217;de M\u00fcsl\u00fcman karde\u015fler ideolojisini ta\u015f\u0131yan AKP iktidar\u0131n\u0131n T\u00fcrkiye&#8217;yi olduk\u00e7a tehlikeli bir u\u00e7uruma s\u00fcr\u00fckledi\u011fine \u0131\u015f\u0131k tutmaktad\u0131r.<\/p>\n","protected":false},"excerpt":{"rendered":"<p>TRABLUS \u2013 Libyal\u0131 g\u00f6stericiler \u00fclkenin do\u011fusu Bayda Kentinde d\u00fczenledikleri kitlesel g\u00f6steride ba\u015fta M\u00fcsl\u00fcman Karde\u015fler olmak \u00fczere \u00fclkelerinde mevcut ter\u00f6r \u00f6rg\u00fctlere desteklerinden dolay\u0131 ABD, T\u00fcrkiye, Katar ve \u0130ngiltere\u2019nin bayraklar\u0131n\u0131 ate\u015fe verdiler. Libyal\u0131 Bavvabet el Vasat haber sitesinin aktard\u0131\u011f\u0131 haberde kentin ana meydan\u0131nda toplanan halk kitlelerinin s\u00f6z konusu devletlerin h\u00fck\u00fcmetlerini ve ter\u00f6ristlere desteklerini k\u0131nayan sloganlar hayk\u0131rd\u0131klar\u0131n\u0131 aktard\u0131. &hellip;<\/p>\n","protected":false},"author":1,"featured_media":25780,"comment_status":"closed","ping_status":"closed","sticky":false,"template":"","format":"standard","meta":{"footnotes":""},"categories":[458,459,447,2554,2555],"tags":[12266,12265,3039],"class_list":["post-25779","post","type-post","status-publish","format-standard","has-post-thumbnail","","category-dunya1","category-haberler-arap-uluslararasi-politika","category-politika","category-suriye-ve-dunya","category-suriye-ve-turkiye","tag-katar-ve-ingilterenin-bayraklarini-atese-verdiler","tag-trablus-libyali-gostericiler-ulkenin-dogusu-bayda-kentinde-duzenledikleri-kitlesel-gosteride-basta-musluman-kardesler-olmak-uzere-ulkelerinde-mevcut-teror-orgutlere-desteklerinden-dolayi-abd","tag-turkiye"],"_links":{"self":[{"href":"https:\/\/archive.sana.sy\/tr\/index.php?rest_route=\/wp\/v2\/posts\/25779","targetHints":{"allow":["GET"]}}],"collection":[{"href":"https:\/\/archive.sana.sy\/tr\/index.php?rest_route=\/wp\/v2\/posts"}],"about":[{"href":"https:\/\/archive.sana.sy\/tr\/index.php?rest_route=\/wp\/v2\/types\/post"}],"author":[{"embeddable":true,"href":"https:\/\/archive.sana.sy\/tr\/index.php?rest_route=\/wp\/v2\/users\/1"}],"replies":[{"embeddable":true,"href":"https:\/\/archive.sana.sy\/tr\/index.php?rest_route=%2Fwp%2Fv2%2Fcomments&post=25779"}],"version-history":[{"count":0,"href":"https:\/\/archive.sana.sy\/tr\/index.php?rest_route=\/wp\/v2\/posts\/25779\/revisions"}],"wp:featuredmedia":[{"embeddable":true,"href":"https:\/\/archive.sana.sy\/tr\/index.php?rest_route=\/wp\/v2\/media\/25780"}],"wp:attachment":[{"href":"https:\/\/archive.sana.sy\/tr\/index.php?rest_route=%2Fwp%2Fv2%2Fmedia&parent=25779"}],"wp:term":[{"taxonomy":"category","embeddable":true,"href":"https:\/\/archive.sana.sy\/tr\/index.php?rest_route=%2Fwp%2Fv2%2Fcategories&post=25779"},{"taxonomy":"post_tag","embeddable":true,"href":"https:\/\/archive.sana.sy\/tr\/index.php?rest_route=%2Fwp%2Fv2%2Ftags&post=25779"}],"curies":[{"name":"wp","href":"https:\/\/api.w.org\/{rel}","templated":true}]}}