{"id":257794,"date":"2022-06-26T11:56:52","date_gmt":"2022-06-26T08:56:52","guid":{"rendered":"http:\/\/107.6.182.27\/tr\/?p=257794"},"modified":"2022-06-27T08:24:40","modified_gmt":"2022-06-27T05:24:40","slug":"rus-savunmasi-washington-suriyedeki-saldirgan-politikasini-uygulamak-icin-el-tenf-bolgesindeki-teroristleri-egitiyor","status":"publish","type":"post","link":"https:\/\/archive.sana.sy\/tr\/?p=257794","title":{"rendered":"Rus Savunmas\u0131: Washington, Suriye&#8217;nin El Tenf B\u00f6lgesinde Ter\u00f6rist E\u011fitiyor"},"content":{"rendered":"<p>MOSKOVA \u2013 Rusya Savunma Bakanl\u0131\u011f\u0131, Suriye topraklar\u0131nda yasad\u0131\u015f\u0131 olarak bulunan ABD i\u015fgal g\u00fc\u00e7lerinin, Homs k\u0131rsal\u0131n\u0131n do\u011fusunda yer alan El Tenf b\u00f6lgesinde ter\u00f6ristleri e\u011fitti\u011fini ve onlara Suriye devletine y\u00f6nelik ter\u00f6r sald\u0131r\u0131lar\u0131n\u0131 ger\u00e7ekle\u015ftirmeleri i\u00e7in destek sa\u011flad\u0131\u011f\u0131n\u0131 yineledi.<\/p>\n<p>Bakanl\u0131ktan yap\u0131lan a\u00e7\u0131klamada, &#8220;Amerikal\u0131lar\u0131n Suriye&#8217;deki d\u0131\u015f politika \u00f6nceliklerini ger\u00e7ekle\u015ftirmenin ara\u00e7lar\u0131ndan biri olarak g\u00f6rd\u00fckleri \u201cI\u015e\u0130D\u201d ter\u00f6ristleri taraf\u0131ndan Tanf b\u00f6lgesinde e\u011fitilen silahl\u0131 gruplar, petrol tesisleri de dahil olmak \u00fczere sivil Suriye tesisleri ve sivillere sald\u0131r\u0131yor&#8221; dedi.<\/p>\n<p>Bakanl\u0131k, &#8220;\u00c7\u00f6ldeki operasyonlar\u0131n karma\u015f\u0131kl\u0131\u011f\u0131na ra\u011fmen, Suriye Arap Ordusu&#8217;na ba\u011fl\u0131 birimler, Rus ke\u015fif u\u00e7aklar\u0131n\u0131n deste\u011fiyle, ter\u00f6ristlerin sakland\u0131klar\u0131 yerleri ke\u015ffetti ve y\u00fcksek hassasiyetli sald\u0131r\u0131larla imha etti&#8221; dedi.<\/p>\n<p>Rus Hava Kuvvetleri, Suriye Arap Cumhuriyeti&#8217;nin talebi \u00fczerine Suriye Arap Ordusunun ter\u00f6r \u00f6rg\u00fctlerine kar\u015f\u0131 m\u00fccadele \u00e7abalar\u0131n\u0131 desteklemek i\u00e7in Eyl\u00fcl 2015&#8217;ten bu yana kat\u0131l\u0131yor.<\/p>\n<p><a class=\"oajrlxb2 g5ia77u1 qu0x051f esr5mh6w e9989ue4 r7d6kgcz rq0escxv nhd2j8a9 nc684nl6 p7hjln8o kvgmc6g5 cxmmr5t8 oygrvhab hcukyx3x jb3vyjys rz4wbd8a qt6c0cv9 a8nywdso i1ao9s8h esuyzwwr f1sip0of lzcic4wl gpro0wi8 q66pz984 b1v8xokw\" tabindex=\"0\" role=\"link\" href=\"https:\/\/www.facebook.com\/hashtag\/telegram_kanal%C4%B1m%C4%B1z?__eep__=6&amp;__cft__[0]=AZWYKdYWpNk7Nmp0c2-CY4t6TYMM9IqLaFSHHjPbvWHqGNxx4K8Mw4Ro8_da-sSpFw8EYfn8Ezyn_C9xbC_5WMWlohU-0Wr_WjI-m0TXO2IIglM0BPb4Wasll8aQhRj0FGhAoRLtZNSO96te0lJGSxjy3s6LuP7IXhz_2tg5KYVZVQ&amp;__tn__=*NK-R\">#Telegram_Kanal\u0131m\u0131z<\/a>:\u00a0<a class=\"oajrlxb2 g5ia77u1 qu0x051f esr5mh6w e9989ue4 r7d6kgcz rq0escxv nhd2j8a9 nc684nl6 p7hjln8o kvgmc6g5 cxmmr5t8 oygrvhab hcukyx3x jb3vyjys rz4wbd8a qt6c0cv9 a8nywdso i1ao9s8h esuyzwwr f1sip0of lzcic4wl gpro0wi8 py34i1dx\" tabindex=\"0\" role=\"link\" href=\"https:\/\/t.me\/SuriyeArapHaberAjans?fbclid=IwAR3mIPq4sH8c_nYXhWaKqpP0IFcGJ05IZFpeCHmOXW-utk_NC8MO3D1Vheo\" target=\"_blank\" rel=\"nofollow noopener\">https:\/\/t.me\/SuriyeArapHaberAjans<\/a><\/p>\n","protected":false},"excerpt":{"rendered":"<p>MOSKOVA \u2013 Rusya Savunma Bakanl\u0131\u011f\u0131, Suriye topraklar\u0131nda yasad\u0131\u015f\u0131 olarak bulunan ABD i\u015fgal g\u00fc\u00e7lerinin, Homs k\u0131rsal\u0131n\u0131n do\u011fusunda yer alan El Tenf b\u00f6lgesinde ter\u00f6ristleri e\u011fitti\u011fini ve onlara Suriye devletine y\u00f6nelik ter\u00f6r sald\u0131r\u0131lar\u0131n\u0131 ger\u00e7ekle\u015ftirmeleri i\u00e7in destek sa\u011flad\u0131\u011f\u0131n\u0131 yineledi. Bakanl\u0131ktan yap\u0131lan a\u00e7\u0131klamada, &#8220;Amerikal\u0131lar\u0131n Suriye&#8217;deki d\u0131\u015f politika \u00f6nceliklerini ger\u00e7ekle\u015ftirmenin ara\u00e7lar\u0131ndan biri olarak g\u00f6rd\u00fckleri \u201cI\u015e\u0130D\u201d ter\u00f6ristleri taraf\u0131ndan Tanf b\u00f6lgesinde e\u011fitilen silahl\u0131 &hellip;<\/p>\n","protected":false},"author":36,"featured_media":257795,"comment_status":"closed","ping_status":"closed","sticky":false,"template":"","format":"standard","meta":{"footnotes":""},"categories":[458,459,17988],"tags":[],"class_list":["post-257794","post","type-post","status-publish","format-standard","has-post-thumbnail","","category-dunya1","category-haberler-arap-uluslararasi-politika","category-son-haberler"],"_links":{"self":[{"href":"https:\/\/archive.sana.sy\/tr\/index.php?rest_route=\/wp\/v2\/posts\/257794","targetHints":{"allow":["GET"]}}],"collection":[{"href":"https:\/\/archive.sana.sy\/tr\/index.php?rest_route=\/wp\/v2\/posts"}],"about":[{"href":"https:\/\/archive.sana.sy\/tr\/index.php?rest_route=\/wp\/v2\/types\/post"}],"author":[{"embeddable":true,"href":"https:\/\/archive.sana.sy\/tr\/index.php?rest_route=\/wp\/v2\/users\/36"}],"replies":[{"embeddable":true,"href":"https:\/\/archive.sana.sy\/tr\/index.php?rest_route=%2Fwp%2Fv2%2Fcomments&post=257794"}],"version-history":[{"count":0,"href":"https:\/\/archive.sana.sy\/tr\/index.php?rest_route=\/wp\/v2\/posts\/257794\/revisions"}],"wp:featuredmedia":[{"embeddable":true,"href":"https:\/\/archive.sana.sy\/tr\/index.php?rest_route=\/wp\/v2\/media\/257795"}],"wp:attachment":[{"href":"https:\/\/archive.sana.sy\/tr\/index.php?rest_route=%2Fwp%2Fv2%2Fmedia&parent=257794"}],"wp:term":[{"taxonomy":"category","embeddable":true,"href":"https:\/\/archive.sana.sy\/tr\/index.php?rest_route=%2Fwp%2Fv2%2Fcategories&post=257794"},{"taxonomy":"post_tag","embeddable":true,"href":"https:\/\/archive.sana.sy\/tr\/index.php?rest_route=%2Fwp%2Fv2%2Ftags&post=257794"}],"curies":[{"name":"wp","href":"https:\/\/api.w.org\/{rel}","templated":true}]}}