{"id":257802,"date":"2022-06-26T12:07:46","date_gmt":"2022-06-26T09:07:46","guid":{"rendered":"http:\/\/107.6.182.27\/tr\/?p=257802"},"modified":"2022-06-28T08:20:15","modified_gmt":"2022-06-28T05:20:15","slug":"kuneytradaki-el-alam-meydaninda-kurtulusunun-48-yildonumunu-kutlamak-icin-bir-festival-duzenlendi","status":"publish","type":"post","link":"https:\/\/archive.sana.sy\/tr\/?p=257802","title":{"rendered":"Kunaytra\u2019n\u0131n Kurtulu\u015funun 48. Y\u0131ld\u00f6n\u00fcm\u00fc Festivalle Kutlan\u0131yor"},"content":{"rendered":"<p>KUNAYTRA \u2013 Arap Sosyalist Baas Partisi&#8217;nin Kuneytra \u015fubesinin liderli\u011fi ve Kuneytra valili\u011fi, Kuneytra \u015fehrinin kurtulu\u015funun 48. y\u0131ld\u00f6n\u00fcm\u00fcn\u00fc kutlamak i\u00e7in bug\u00fcn \u015fehirdeki El Alam Meydan\u0131&#8217;nda bir festival d\u00fczenledi.<\/p>\n<p><a class=\"oajrlxb2 g5ia77u1 qu0x051f esr5mh6w e9989ue4 r7d6kgcz rq0escxv nhd2j8a9 nc684nl6 p7hjln8o kvgmc6g5 cxmmr5t8 oygrvhab hcukyx3x jb3vyjys rz4wbd8a qt6c0cv9 a8nywdso i1ao9s8h esuyzwwr f1sip0of lzcic4wl gpro0wi8 q66pz984 b1v8xokw\" tabindex=\"0\" role=\"link\" href=\"https:\/\/www.facebook.com\/hashtag\/telegram_kanal%C4%B1m%C4%B1z?__eep__=6&amp;__cft__[0]=AZWYKdYWpNk7Nmp0c2-CY4t6TYMM9IqLaFSHHjPbvWHqGNxx4K8Mw4Ro8_da-sSpFw8EYfn8Ezyn_C9xbC_5WMWlohU-0Wr_WjI-m0TXO2IIglM0BPb4Wasll8aQhRj0FGhAoRLtZNSO96te0lJGSxjy3s6LuP7IXhz_2tg5KYVZVQ&amp;__tn__=*NK-R\">#Telegram_Kanal\u0131m\u0131z<\/a>: <a class=\"oajrlxb2 g5ia77u1 qu0x051f esr5mh6w e9989ue4 r7d6kgcz rq0escxv nhd2j8a9 nc684nl6 p7hjln8o kvgmc6g5 cxmmr5t8 oygrvhab hcukyx3x jb3vyjys rz4wbd8a qt6c0cv9 a8nywdso i1ao9s8h esuyzwwr f1sip0of lzcic4wl gpro0wi8 py34i1dx\" tabindex=\"0\" role=\"link\" href=\"https:\/\/t.me\/SuriyeArapHaberAjans?fbclid=IwAR3mIPq4sH8c_nYXhWaKqpP0IFcGJ05IZFpeCHmOXW-utk_NC8MO3D1Vheo\" target=\"_blank\" rel=\"nofollow noopener\">https:\/\/t.me\/SuriyeArapHaberAjans<\/a><\/p>\n<div id='gallery-1' class='gallery galleryid-257802 gallery-columns-1 gallery-size-full'><figure class='gallery-item'>\n\t\t\t<div class='gallery-icon landscape'>\n\t\t\t\t<a href='https:\/\/archive.sana.sy\/tr\/wp-content\/uploads\/2022\/06\/500-9.jpg'><img loading=\"lazy\" decoding=\"async\" width=\"660\" height=\"364\" src=\"https:\/\/archive.sana.sy\/tr\/wp-content\/uploads\/2022\/06\/500-9.jpg\" class=\"attachment-full size-full\" alt=\"\" srcset=\"https:\/\/archive.sana.sy\/tr\/wp-content\/uploads\/2022\/06\/500-9.jpg 660w, https:\/\/archive.sana.sy\/tr\/wp-content\/uploads\/2022\/06\/500-9-300x165.jpg 300w, https:\/\/archive.sana.sy\/tr\/wp-content\/uploads\/2022\/06\/500-9-150x83.jpg 150w\" sizes=\"auto, (max-width: 660px) 100vw, 660px\" \/><\/a>\n\t\t\t<\/div><\/figure><figure class='gallery-item'>\n\t\t\t<div class='gallery-icon landscape'>\n\t\t\t\t<a href='https:\/\/archive.sana.sy\/tr\/wp-content\/uploads\/2022\/06\/501.jpg'><img loading=\"lazy\" decoding=\"async\" width=\"660\" height=\"395\" src=\"https:\/\/archive.sana.sy\/tr\/wp-content\/uploads\/2022\/06\/501.jpg\" class=\"attachment-full size-full\" alt=\"\" srcset=\"https:\/\/archive.sana.sy\/tr\/wp-content\/uploads\/2022\/06\/501.jpg 660w, https:\/\/archive.sana.sy\/tr\/wp-content\/uploads\/2022\/06\/501-300x180.jpg 300w, https:\/\/archive.sana.sy\/tr\/wp-content\/uploads\/2022\/06\/501-150x90.jpg 150w\" sizes=\"auto, (max-width: 660px) 100vw, 660px\" \/><\/a>\n\t\t\t<\/div><\/figure><figure class='gallery-item'>\n\t\t\t<div class='gallery-icon landscape'>\n\t\t\t\t<a href='https:\/\/archive.sana.sy\/tr\/wp-content\/uploads\/2022\/06\/502.jpg'><img loading=\"lazy\" decoding=\"async\" width=\"660\" height=\"327\" src=\"https:\/\/archive.sana.sy\/tr\/wp-content\/uploads\/2022\/06\/502.jpg\" class=\"attachment-full size-full\" alt=\"\" srcset=\"https:\/\/archive.sana.sy\/tr\/wp-content\/uploads\/2022\/06\/502.jpg 660w, https:\/\/archive.sana.sy\/tr\/wp-content\/uploads\/2022\/06\/502-300x149.jpg 300w, https:\/\/archive.sana.sy\/tr\/wp-content\/uploads\/2022\/06\/502-150x74.jpg 150w\" sizes=\"auto, (max-width: 660px) 100vw, 660px\" \/><\/a>\n\t\t\t<\/div><\/figure>\n\t\t<\/div>\n\n","protected":false},"excerpt":{"rendered":"<p>KUNAYTRA \u2013 Arap Sosyalist Baas Partisi&#8217;nin Kuneytra \u015fubesinin liderli\u011fi ve Kuneytra valili\u011fi, Kuneytra \u015fehrinin kurtulu\u015funun 48. y\u0131ld\u00f6n\u00fcm\u00fcn\u00fc kutlamak i\u00e7in bug\u00fcn \u015fehirdeki El Alam Meydan\u0131&#8217;nda bir festival d\u00fczenledi. #Telegram_Kanal\u0131m\u0131z: https:\/\/t.me\/SuriyeArapHaberAjans<\/p>\n","protected":false},"author":39,"featured_media":257803,"comment_status":"closed","ping_status":"closed","sticky":false,"template":"","format":"standard","meta":{"footnotes":""},"categories":[479,17988,478],"tags":[],"class_list":["post-257802","post","type-post","status-publish","format-standard","has-post-thumbnail","","category-haberler-yerel","category-son-haberler","category-yerel"],"_links":{"self":[{"href":"https:\/\/archive.sana.sy\/tr\/index.php?rest_route=\/wp\/v2\/posts\/257802","targetHints":{"allow":["GET"]}}],"collection":[{"href":"https:\/\/archive.sana.sy\/tr\/index.php?rest_route=\/wp\/v2\/posts"}],"about":[{"href":"https:\/\/archive.sana.sy\/tr\/index.php?rest_route=\/wp\/v2\/types\/post"}],"author":[{"embeddable":true,"href":"https:\/\/archive.sana.sy\/tr\/index.php?rest_route=\/wp\/v2\/users\/39"}],"replies":[{"embeddable":true,"href":"https:\/\/archive.sana.sy\/tr\/index.php?rest_route=%2Fwp%2Fv2%2Fcomments&post=257802"}],"version-history":[{"count":0,"href":"https:\/\/archive.sana.sy\/tr\/index.php?rest_route=\/wp\/v2\/posts\/257802\/revisions"}],"wp:featuredmedia":[{"embeddable":true,"href":"https:\/\/archive.sana.sy\/tr\/index.php?rest_route=\/wp\/v2\/media\/257803"}],"wp:attachment":[{"href":"https:\/\/archive.sana.sy\/tr\/index.php?rest_route=%2Fwp%2Fv2%2Fmedia&parent=257802"}],"wp:term":[{"taxonomy":"category","embeddable":true,"href":"https:\/\/archive.sana.sy\/tr\/index.php?rest_route=%2Fwp%2Fv2%2Fcategories&post=257802"},{"taxonomy":"post_tag","embeddable":true,"href":"https:\/\/archive.sana.sy\/tr\/index.php?rest_route=%2Fwp%2Fv2%2Ftags&post=257802"}],"curies":[{"name":"wp","href":"https:\/\/api.w.org\/{rel}","templated":true}]}}