{"id":257840,"date":"2022-06-26T21:31:59","date_gmt":"2022-06-26T18:31:59","guid":{"rendered":"http:\/\/107.6.182.27\/tr\/?p=257840"},"modified":"2022-06-27T08:26:35","modified_gmt":"2022-06-27T05:26:35","slug":"bir-dizi-illerde-ulusal-anlasma-prosedurleri-suruyor","status":"publish","type":"post","link":"https:\/\/archive.sana.sy\/tr\/?p=257840","title":{"rendered":"Bir Dizi \u0130llerde Ulusal Anla\u015fma Prosed\u00fcrleri S\u00fcr\u00fcyor"},"content":{"rendered":"<p style=\"text-align: justify;\">\u0130LLER \u2013 Deyrezzor, Halep, \u015eam ve Rakka k\u0131rsal\u0131ndaki anla\u015fma merkezleri, anla\u015fmaya g\u00f6re zorunlu ve ihtiyat hizmetlerinden aranan yerle\u015fime dahil olan onlarca sivil ve askeri personelin yasal durumlar\u0131n\u0131 \u00e7\u00f6zmek \u00fczere anla\u015fma s\u00fcrecine kat\u0131mlar\u0131na tan\u0131k oldu.<\/p>\n<p style=\"text-align: justify;\">Yasal stat\u00fcleri \u00e7\u00f6zenlerin bir k\u0131sm\u0131 \u015eam k\u0131rsal\u0131ndaki Kara kentinden SANA muhabirine yapt\u0131\u011f\u0131 a\u00e7\u0131klamada, \u201cB\u00fct\u00fcn vatanda\u015flar\u0131n\u0131 kucaklayan devlet \u00e7er\u00e7evesinde yeni bir ba\u015flang\u0131ca haz\u0131rl\u0131k olarak, kentte ve \u00e7evresinde ya\u015famak isteyenler i\u00e7in de\u011ferli bir f\u0131rsat\u201d dedi. ve vatan\u0131n yeniden in\u015fas\u0131na kat\u0131lmalar\u0131 i\u00e7in g\u00fcvenli\u011fe, ya\u015fayan ger\u00e7ekli\u011fe ve sosyal duruma olumlu yans\u0131yacak\u201d dedi.<\/p>\n<p style=\"text-align: justify;\">\u00d6te yandan SANA muhabiri, Deyrezzor&#8217;daki i\u015f\u00e7i salonu anla\u015fma kapsam\u0131ndaki d\u00fczinelerce ki\u015fiyi kabul etti\u011fini belirtti.<\/p>\n<p style=\"text-align: justify;\">Halep kentindeki Esad Spor Salonu&#8217;nda, devlet d\u0131\u015f\u0131ndayken y\u0131llarca kay\u0131p ve istikrars\u0131zl\u0131\u011fa son verilmesi ve yola geri d\u00f6n\u00fclmesi gerekti\u011fini vurgulayan \u00e7ok say\u0131da aranan ki\u015fi yasal durumunu \u00e7\u00f6zd\u00fc.<\/p>\n<p style=\"text-align: justify;\">Bu ba\u011flamada ayr\u0131ca, Rakka k\u0131rsal\u0131ndaki el-Sabkha kasabas\u0131ndaki yerle\u015fim merkezi, i\u015flerine ve topraklar\u0131na d\u00f6n\u00fc\u015flerini ve aktif insanlar olmak ve istikrarl\u0131 bir hayata ba\u015flamak i\u00e7in toplumla birle\u015ftirmelerini i\u015faret eden bir yerle\u015fim isteyenlerin ak\u0131n\u0131na tan\u0131k oldu.<\/p>\n<p style=\"text-align: justify;\">P.M.<\/p>\n","protected":false},"excerpt":{"rendered":"<p>\u0130LLER \u2013 Deyrezzor, Halep, \u015eam ve Rakka k\u0131rsal\u0131ndaki anla\u015fma merkezleri, anla\u015fmaya g\u00f6re zorunlu ve ihtiyat hizmetlerinden aranan yerle\u015fime dahil olan onlarca sivil ve askeri personelin yasal durumlar\u0131n\u0131 \u00e7\u00f6zmek \u00fczere anla\u015fma s\u00fcrecine kat\u0131mlar\u0131na tan\u0131k oldu. Yasal stat\u00fcleri \u00e7\u00f6zenlerin bir k\u0131sm\u0131 \u015eam k\u0131rsal\u0131ndaki Kara kentinden SANA muhabirine yapt\u0131\u011f\u0131 a\u00e7\u0131klamada, \u201cB\u00fct\u00fcn vatanda\u015flar\u0131n\u0131 kucaklayan devlet \u00e7er\u00e7evesinde yeni bir ba\u015flang\u0131ca &hellip;<\/p>\n","protected":false},"author":1,"featured_media":257841,"comment_status":"closed","ping_status":"closed","sticky":false,"template":"","format":"standard","meta":{"footnotes":""},"categories":[479,17988,478],"tags":[],"class_list":["post-257840","post","type-post","status-publish","format-standard","has-post-thumbnail","","category-haberler-yerel","category-son-haberler","category-yerel"],"_links":{"self":[{"href":"https:\/\/archive.sana.sy\/tr\/index.php?rest_route=\/wp\/v2\/posts\/257840","targetHints":{"allow":["GET"]}}],"collection":[{"href":"https:\/\/archive.sana.sy\/tr\/index.php?rest_route=\/wp\/v2\/posts"}],"about":[{"href":"https:\/\/archive.sana.sy\/tr\/index.php?rest_route=\/wp\/v2\/types\/post"}],"author":[{"embeddable":true,"href":"https:\/\/archive.sana.sy\/tr\/index.php?rest_route=\/wp\/v2\/users\/1"}],"replies":[{"embeddable":true,"href":"https:\/\/archive.sana.sy\/tr\/index.php?rest_route=%2Fwp%2Fv2%2Fcomments&post=257840"}],"version-history":[{"count":0,"href":"https:\/\/archive.sana.sy\/tr\/index.php?rest_route=\/wp\/v2\/posts\/257840\/revisions"}],"wp:featuredmedia":[{"embeddable":true,"href":"https:\/\/archive.sana.sy\/tr\/index.php?rest_route=\/wp\/v2\/media\/257841"}],"wp:attachment":[{"href":"https:\/\/archive.sana.sy\/tr\/index.php?rest_route=%2Fwp%2Fv2%2Fmedia&parent=257840"}],"wp:term":[{"taxonomy":"category","embeddable":true,"href":"https:\/\/archive.sana.sy\/tr\/index.php?rest_route=%2Fwp%2Fv2%2Fcategories&post=257840"},{"taxonomy":"post_tag","embeddable":true,"href":"https:\/\/archive.sana.sy\/tr\/index.php?rest_route=%2Fwp%2Fv2%2Ftags&post=257840"}],"curies":[{"name":"wp","href":"https:\/\/api.w.org\/{rel}","templated":true}]}}