{"id":257847,"date":"2022-06-27T08:45:11","date_gmt":"2022-06-27T05:45:11","guid":{"rendered":"http:\/\/107.6.182.27\/tr\/?p=257847"},"modified":"2022-06-28T08:21:22","modified_gmt":"2022-06-28T05:21:22","slug":"israil-isgal-gucleri-cenin-kampinda-bir-filistinliyi-tutukladi","status":"publish","type":"post","link":"https:\/\/archive.sana.sy\/tr\/?p=257847","title":{"rendered":"\u0130srail \u0130\u015fgal G\u00fc\u00e7leri Cenin kamp\u0131nda Bir Filistinliyi Tutuklad\u0131"},"content":{"rendered":"<p>\u0130\u015eGAL ED\u0130LEN KUD\u00dcS \u2013 \u0130srail i\u015fgal g\u00fc\u00e7leri, Bat\u0131 Yaka&#8217;daki Cenin kamp\u0131nda bir Filistinliyi tutuklad\u0131.<\/p>\n<p>Filistinli WAFA Haber Ajans\u0131, \u0130srail i\u015fgal g\u00fc\u00e7lerinin, Nablus-Cenin yolu \u00fczerinde kurduklar\u0131 askeri kontrol noktas\u0131nda bir Filistinliyi tutuklad\u0131\u011f\u0131n\u0131 belirtti.<\/p>\n<p>\u0130srail i\u015fgal g\u00fc\u00e7lerinin, Bat\u0131 Yaka&#8217;da farkl\u0131 b\u00f6lgelerinde basmas\u0131 s\u0131ras\u0131nda 3 Filistinli yaraland\u0131 ve 12 ki\u015fi tutukland\u0131.<\/p>\n<p><a class=\"oajrlxb2 g5ia77u1 qu0x051f esr5mh6w e9989ue4 r7d6kgcz rq0escxv nhd2j8a9 nc684nl6 p7hjln8o kvgmc6g5 cxmmr5t8 oygrvhab hcukyx3x jb3vyjys rz4wbd8a qt6c0cv9 a8nywdso i1ao9s8h esuyzwwr f1sip0of lzcic4wl gpro0wi8 q66pz984 b1v8xokw\" tabindex=\"0\" role=\"link\" href=\"https:\/\/www.facebook.com\/hashtag\/telegram_kanal%C4%B1m%C4%B1z?__eep__=6&amp;__cft__[0]=AZWTVuhoB1Zlb8XAmFcPrVQ8QeYaVT446F5yhBoFOZN5HLgNINKUMCLSbf-lLl-1ifO-uv7MIeZArbBt9ucZXN5TFJXvGHDKlLJyCB4Icasjt-Oda0OupqBlIh6NegC71v8QOfsDdGrbFcuKEh957anYEelIikR9Z028FIiDcjJhFg&amp;__tn__=*NK-R\">#Telegram_Kanal\u0131m\u0131z<\/a>: <a class=\"oajrlxb2 g5ia77u1 qu0x051f esr5mh6w e9989ue4 r7d6kgcz rq0escxv nhd2j8a9 nc684nl6 p7hjln8o kvgmc6g5 cxmmr5t8 oygrvhab hcukyx3x jb3vyjys rz4wbd8a qt6c0cv9 a8nywdso i1ao9s8h esuyzwwr f1sip0of lzcic4wl gpro0wi8 py34i1dx\" tabindex=\"0\" role=\"link\" href=\"https:\/\/t.me\/SuriyeArapHaberAjans?fbclid=IwAR3S3d7coMYqW-xPfuYf96Jqm4Y591UsAYDZkAdk763kblrOem8qikc1NS8\" target=\"_blank\" rel=\"nofollow noopener\">https:\/\/t.me\/SuriyeArapHaberAjans<\/a><\/p>\n","protected":false},"excerpt":{"rendered":"<p>\u0130\u015eGAL ED\u0130LEN KUD\u00dcS \u2013 \u0130srail i\u015fgal g\u00fc\u00e7leri, Bat\u0131 Yaka&#8217;daki Cenin kamp\u0131nda bir Filistinliyi tutuklad\u0131. Filistinli WAFA Haber Ajans\u0131, \u0130srail i\u015fgal g\u00fc\u00e7lerinin, Nablus-Cenin yolu \u00fczerinde kurduklar\u0131 askeri kontrol noktas\u0131nda bir Filistinliyi tutuklad\u0131\u011f\u0131n\u0131 belirtti. \u0130srail i\u015fgal g\u00fc\u00e7lerinin, Bat\u0131 Yaka&#8217;da farkl\u0131 b\u00f6lgelerinde basmas\u0131 s\u0131ras\u0131nda 3 Filistinli yaraland\u0131 ve 12 ki\u015fi tutukland\u0131. #Telegram_Kanal\u0131m\u0131z: https:\/\/t.me\/SuriyeArapHaberAjans<\/p>\n","protected":false},"author":39,"featured_media":257848,"comment_status":"closed","ping_status":"closed","sticky":false,"template":"","format":"standard","meta":{"footnotes":""},"categories":[458,459,17988],"tags":[],"class_list":["post-257847","post","type-post","status-publish","format-standard","has-post-thumbnail","","category-dunya1","category-haberler-arap-uluslararasi-politika","category-son-haberler"],"_links":{"self":[{"href":"https:\/\/archive.sana.sy\/tr\/index.php?rest_route=\/wp\/v2\/posts\/257847","targetHints":{"allow":["GET"]}}],"collection":[{"href":"https:\/\/archive.sana.sy\/tr\/index.php?rest_route=\/wp\/v2\/posts"}],"about":[{"href":"https:\/\/archive.sana.sy\/tr\/index.php?rest_route=\/wp\/v2\/types\/post"}],"author":[{"embeddable":true,"href":"https:\/\/archive.sana.sy\/tr\/index.php?rest_route=\/wp\/v2\/users\/39"}],"replies":[{"embeddable":true,"href":"https:\/\/archive.sana.sy\/tr\/index.php?rest_route=%2Fwp%2Fv2%2Fcomments&post=257847"}],"version-history":[{"count":0,"href":"https:\/\/archive.sana.sy\/tr\/index.php?rest_route=\/wp\/v2\/posts\/257847\/revisions"}],"wp:featuredmedia":[{"embeddable":true,"href":"https:\/\/archive.sana.sy\/tr\/index.php?rest_route=\/wp\/v2\/media\/257848"}],"wp:attachment":[{"href":"https:\/\/archive.sana.sy\/tr\/index.php?rest_route=%2Fwp%2Fv2%2Fmedia&parent=257847"}],"wp:term":[{"taxonomy":"category","embeddable":true,"href":"https:\/\/archive.sana.sy\/tr\/index.php?rest_route=%2Fwp%2Fv2%2Fcategories&post=257847"},{"taxonomy":"post_tag","embeddable":true,"href":"https:\/\/archive.sana.sy\/tr\/index.php?rest_route=%2Fwp%2Fv2%2Ftags&post=257847"}],"curies":[{"name":"wp","href":"https:\/\/api.w.org\/{rel}","templated":true}]}}