{"id":257850,"date":"2022-06-27T12:09:03","date_gmt":"2022-06-27T09:09:03","guid":{"rendered":"http:\/\/107.6.182.27\/tr\/?p=257850"},"modified":"2022-06-28T08:21:28","modified_gmt":"2022-06-28T05:21:28","slug":"selemiyede-teroristlerin-artiklarindan-yer-mayinin-patlamasi-sonucu-2-genc-2-kisi-de-yaralandi","status":"publish","type":"post","link":"https:\/\/archive.sana.sy\/tr\/?p=257850","title":{"rendered":"Selemiye\u2019de Ter\u00f6ristlerin Art\u0131klar\u0131ndan Yer May\u0131n\u0131n Patlamas\u0131 Sonucu \u00a02 \u015eehit 2 Yaral\u0131"},"content":{"rendered":"<p>HAMA \u2013 Selemiye k\u0131rsal\u0131nda ter\u00f6ristlerin art\u0131klar\u0131ndan yer may\u0131n\u0131n patlamas\u0131 sonucu 2 gen\u00e7 \u015fehit d\u00fc\u015ft\u00fc, 2 ki\u015fi de yaraland\u0131.<\/p>\n<p>SANA&#8217;n\u0131n Hama&#8217;daki Muhabiri, Selemiye k\u0131rsal\u0131ndaki Ebu Lafat k\u00f6y\u00fcnde &#8220;I\u015e\u0130D&#8221; ter\u00f6ristlerinin art\u0131klar\u0131ndan bir\u00a0 yer may\u0131n\u0131n bulundu\u011fu b\u00f6lgede patlad\u0131\u011f\u0131n\u0131 belirtirken,<\/p>\n<p>bunu sonucunda, 2 gencin \u015fehit d\u00fc\u015ft\u00fc\u011f\u00fcn\u00fc, 2 ki\u015finin de yaraland\u0131\u011f\u0131na i\u015faret etti.<\/p>\n<p><a class=\"oajrlxb2 g5ia77u1 qu0x051f esr5mh6w e9989ue4 r7d6kgcz rq0escxv nhd2j8a9 nc684nl6 p7hjln8o kvgmc6g5 cxmmr5t8 oygrvhab hcukyx3x jb3vyjys rz4wbd8a qt6c0cv9 a8nywdso i1ao9s8h esuyzwwr f1sip0of lzcic4wl gpro0wi8 q66pz984 b1v8xokw\" tabindex=\"0\" role=\"link\" href=\"https:\/\/www.facebook.com\/hashtag\/telegram_kanal%C4%B1m%C4%B1z?__eep__=6&amp;__cft__[0]=AZWTVuhoB1Zlb8XAmFcPrVQ8QeYaVT446F5yhBoFOZN5HLgNINKUMCLSbf-lLl-1ifO-uv7MIeZArbBt9ucZXN5TFJXvGHDKlLJyCB4Icasjt-Oda0OupqBlIh6NegC71v8QOfsDdGrbFcuKEh957anYEelIikR9Z028FIiDcjJhFg&amp;__tn__=*NK-R\">#Telegram_Kanal\u0131m\u0131z<\/a>: <a class=\"oajrlxb2 g5ia77u1 qu0x051f esr5mh6w e9989ue4 r7d6kgcz rq0escxv nhd2j8a9 nc684nl6 p7hjln8o kvgmc6g5 cxmmr5t8 oygrvhab hcukyx3x jb3vyjys rz4wbd8a qt6c0cv9 a8nywdso i1ao9s8h esuyzwwr f1sip0of lzcic4wl gpro0wi8 py34i1dx\" tabindex=\"0\" role=\"link\" href=\"https:\/\/t.me\/SuriyeArapHaberAjans?fbclid=IwAR3S3d7coMYqW-xPfuYf96Jqm4Y591UsAYDZkAdk763kblrOem8qikc1NS8\" target=\"_blank\" rel=\"nofollow noopener\">https:\/\/t.me\/SuriyeArapHaberAjans<\/a><\/p>\n<p>&nbsp;<\/p>\n","protected":false},"excerpt":{"rendered":"<p>HAMA \u2013 Selemiye k\u0131rsal\u0131nda ter\u00f6ristlerin art\u0131klar\u0131ndan yer may\u0131n\u0131n patlamas\u0131 sonucu 2 gen\u00e7 \u015fehit d\u00fc\u015ft\u00fc, 2 ki\u015fi de yaraland\u0131. SANA&#8217;n\u0131n Hama&#8217;daki Muhabiri, Selemiye k\u0131rsal\u0131ndaki Ebu Lafat k\u00f6y\u00fcnde &#8220;I\u015e\u0130D&#8221; ter\u00f6ristlerinin art\u0131klar\u0131ndan bir\u00a0 yer may\u0131n\u0131n bulundu\u011fu b\u00f6lgede patlad\u0131\u011f\u0131n\u0131 belirtirken, bunu sonucunda, 2 gencin \u015fehit d\u00fc\u015ft\u00fc\u011f\u00fcn\u00fc, 2 ki\u015finin de yaraland\u0131\u011f\u0131na i\u015faret etti. #Telegram_Kanal\u0131m\u0131z: https:\/\/t.me\/SuriyeArapHaberAjans &nbsp;<\/p>\n","protected":false},"author":39,"featured_media":257852,"comment_status":"closed","ping_status":"closed","sticky":false,"template":"","format":"standard","meta":{"footnotes":""},"categories":[516,479,575,17988,478],"tags":[],"class_list":["post-257850","post","type-post","status-publish","format-standard","has-post-thumbnail","","category-haberler-kultur-ve-sanat","category-haberler-yerel","category-olaylar-ve-gercekler","category-son-haberler","category-yerel"],"_links":{"self":[{"href":"https:\/\/archive.sana.sy\/tr\/index.php?rest_route=\/wp\/v2\/posts\/257850","targetHints":{"allow":["GET"]}}],"collection":[{"href":"https:\/\/archive.sana.sy\/tr\/index.php?rest_route=\/wp\/v2\/posts"}],"about":[{"href":"https:\/\/archive.sana.sy\/tr\/index.php?rest_route=\/wp\/v2\/types\/post"}],"author":[{"embeddable":true,"href":"https:\/\/archive.sana.sy\/tr\/index.php?rest_route=\/wp\/v2\/users\/39"}],"replies":[{"embeddable":true,"href":"https:\/\/archive.sana.sy\/tr\/index.php?rest_route=%2Fwp%2Fv2%2Fcomments&post=257850"}],"version-history":[{"count":0,"href":"https:\/\/archive.sana.sy\/tr\/index.php?rest_route=\/wp\/v2\/posts\/257850\/revisions"}],"wp:featuredmedia":[{"embeddable":true,"href":"https:\/\/archive.sana.sy\/tr\/index.php?rest_route=\/wp\/v2\/media\/257852"}],"wp:attachment":[{"href":"https:\/\/archive.sana.sy\/tr\/index.php?rest_route=%2Fwp%2Fv2%2Fmedia&parent=257850"}],"wp:term":[{"taxonomy":"category","embeddable":true,"href":"https:\/\/archive.sana.sy\/tr\/index.php?rest_route=%2Fwp%2Fv2%2Fcategories&post=257850"},{"taxonomy":"post_tag","embeddable":true,"href":"https:\/\/archive.sana.sy\/tr\/index.php?rest_route=%2Fwp%2Fv2%2Ftags&post=257850"}],"curies":[{"name":"wp","href":"https:\/\/api.w.org\/{rel}","templated":true}]}}