{"id":257899,"date":"2022-06-27T14:07:20","date_gmt":"2022-06-27T11:07:20","guid":{"rendered":"http:\/\/107.6.182.27\/tr\/?p=257899"},"modified":"2022-06-28T08:21:57","modified_gmt":"2022-06-28T05:21:57","slug":"haseke-kirsalinda-dsg-milislerinde-militanlari-bomba-duzenegi-patlamasi-sonucu-yaralandi","status":"publish","type":"post","link":"https:\/\/archive.sana.sy\/tr\/?p=257899","title":{"rendered":"Haseke K\u0131rsal\u0131nda Bomba D\u00fczene\u011fi Patlamad\u0131 &#8220;DSG&#8221; Milisleri Yaraland\u0131"},"content":{"rendered":"<p>HASEKE \u2013 Haseke&#8217;nin g\u00fcney k\u0131rsal\u0131ndaki El Attala k\u00f6y\u00fc \u00e7evrisinde ara\u00e7lar\u0131na yerle\u015ftirilen bomba d\u00fczene\u011finin patlamas\u0131 sonucunda Amerikan i\u015fgal g\u00fc\u00e7leri taraf\u0131ndan desteklenen birka\u00e7 &#8220;DSG&#8221; milisi yaraland\u0131.<\/p>\n<p>Yerel kaynaklar SANA muhabirine a\u00e7\u0131klamalar\u0131nda, kimli\u011fi belirsiz ki\u015filerin, g\u00fcney k\u0131rsal\u0131ndaki El Attala k\u00f6y\u00fc k\u00f6pr\u00fcs\u00fcn\u00fcn yak\u0131n\u0131ndan ge\u00e7erken &#8220;DSG&#8221; milislerine ba\u011fl\u0131 silahl\u0131 adamlar\u0131 ta\u015f\u0131yan askeri bir araca yerle\u015ftirdikleri bomba d\u00fczene\u011finin patlamas\u0131 sonucunda birka\u00e7 &#8220;DSG&#8221;milisinin yaralanmas\u0131na yol a\u00e7t\u0131\u011f\u0131n\u0131 belirtti.<\/p>\n<p><a class=\"oajrlxb2 g5ia77u1 qu0x051f esr5mh6w e9989ue4 r7d6kgcz rq0escxv nhd2j8a9 nc684nl6 p7hjln8o kvgmc6g5 cxmmr5t8 oygrvhab hcukyx3x jb3vyjys rz4wbd8a qt6c0cv9 a8nywdso i1ao9s8h esuyzwwr f1sip0of lzcic4wl gpro0wi8 q66pz984 b1v8xokw\" tabindex=\"0\" role=\"link\" href=\"https:\/\/www.facebook.com\/hashtag\/telegram_kanal%C4%B1m%C4%B1z?__eep__=6&amp;__cft__[0]=AZWTVuhoB1Zlb8XAmFcPrVQ8QeYaVT446F5yhBoFOZN5HLgNINKUMCLSbf-lLl-1ifO-uv7MIeZArbBt9ucZXN5TFJXvGHDKlLJyCB4Icasjt-Oda0OupqBlIh6NegC71v8QOfsDdGrbFcuKEh957anYEelIikR9Z028FIiDcjJhFg&amp;__tn__=*NK-R\">#Telegram_Kanal\u0131m\u0131z<\/a>: <a class=\"oajrlxb2 g5ia77u1 qu0x051f esr5mh6w e9989ue4 r7d6kgcz rq0escxv nhd2j8a9 nc684nl6 p7hjln8o kvgmc6g5 cxmmr5t8 oygrvhab hcukyx3x jb3vyjys rz4wbd8a qt6c0cv9 a8nywdso i1ao9s8h esuyzwwr f1sip0of lzcic4wl gpro0wi8 py34i1dx\" tabindex=\"0\" role=\"link\" href=\"https:\/\/l.facebook.com\/l.php?u=https%3A%2F%2Ft.me%2FSuriyeArapHaberAjans%3Ffbclid%3DIwAR3S3d7coMYqW-xPfuYf96Jqm4Y591UsAYDZkAdk763kblrOem8qikc1NS8&amp;h=AT2-kzuXtm-2dRnh3ISdjVXeNORjWZPkb6OfsoMzTvmruQx-a2x6gWbeGMEZJvm7dvwlOYI72NOBk6cUyxqmP84jmgUS3DB00qNqfa4315sZejqj6xbCFXjRIWoK4ixVtdw&amp;__tn__=-UK-R&amp;c[0]=AT0YyTyf2DJWaL1CwlBVoffNM1flm3cugwHBDUXsQE-UbdYKopQJ71cVBeHT6-n45YKZnOLJUt1qQixltl-z-idi6saeNQAno6VZVk_wPUVz_FbS3f-rWYOnILRtB0W5aEGWvcQpJEPn5cA-_AHbzwlbqYr_sNiAYRBCg_zmrTvpZW4YPUf-BWSBNMVKSfJQHuf6owfq\" target=\"_blank\" rel=\"nofollow noopener\">https:\/\/t.me\/SuriyeArapHaberAjans<\/a><\/p>\n","protected":false},"excerpt":{"rendered":"<p>HASEKE \u2013 Haseke&#8217;nin g\u00fcney k\u0131rsal\u0131ndaki El Attala k\u00f6y\u00fc \u00e7evrisinde ara\u00e7lar\u0131na yerle\u015ftirilen bomba d\u00fczene\u011finin patlamas\u0131 sonucunda Amerikan i\u015fgal g\u00fc\u00e7leri taraf\u0131ndan desteklenen birka\u00e7 &#8220;DSG&#8221; milisi yaraland\u0131. Yerel kaynaklar SANA muhabirine a\u00e7\u0131klamalar\u0131nda, kimli\u011fi belirsiz ki\u015filerin, g\u00fcney k\u0131rsal\u0131ndaki El Attala k\u00f6y\u00fc k\u00f6pr\u00fcs\u00fcn\u00fcn yak\u0131n\u0131ndan ge\u00e7erken &#8220;DSG&#8221; milislerine ba\u011fl\u0131 silahl\u0131 adamlar\u0131 ta\u015f\u0131yan askeri bir araca yerle\u015ftirdikleri bomba d\u00fczene\u011finin patlamas\u0131 sonucunda birka\u00e7 &hellip;<\/p>\n","protected":false},"author":39,"featured_media":257900,"comment_status":"closed","ping_status":"closed","sticky":false,"template":"","format":"standard","meta":{"footnotes":""},"categories":[516,479,575,17988,478],"tags":[],"class_list":["post-257899","post","type-post","status-publish","format-standard","has-post-thumbnail","","category-haberler-kultur-ve-sanat","category-haberler-yerel","category-olaylar-ve-gercekler","category-son-haberler","category-yerel"],"_links":{"self":[{"href":"https:\/\/archive.sana.sy\/tr\/index.php?rest_route=\/wp\/v2\/posts\/257899","targetHints":{"allow":["GET"]}}],"collection":[{"href":"https:\/\/archive.sana.sy\/tr\/index.php?rest_route=\/wp\/v2\/posts"}],"about":[{"href":"https:\/\/archive.sana.sy\/tr\/index.php?rest_route=\/wp\/v2\/types\/post"}],"author":[{"embeddable":true,"href":"https:\/\/archive.sana.sy\/tr\/index.php?rest_route=\/wp\/v2\/users\/39"}],"replies":[{"embeddable":true,"href":"https:\/\/archive.sana.sy\/tr\/index.php?rest_route=%2Fwp%2Fv2%2Fcomments&post=257899"}],"version-history":[{"count":0,"href":"https:\/\/archive.sana.sy\/tr\/index.php?rest_route=\/wp\/v2\/posts\/257899\/revisions"}],"wp:featuredmedia":[{"embeddable":true,"href":"https:\/\/archive.sana.sy\/tr\/index.php?rest_route=\/wp\/v2\/media\/257900"}],"wp:attachment":[{"href":"https:\/\/archive.sana.sy\/tr\/index.php?rest_route=%2Fwp%2Fv2%2Fmedia&parent=257899"}],"wp:term":[{"taxonomy":"category","embeddable":true,"href":"https:\/\/archive.sana.sy\/tr\/index.php?rest_route=%2Fwp%2Fv2%2Fcategories&post=257899"},{"taxonomy":"post_tag","embeddable":true,"href":"https:\/\/archive.sana.sy\/tr\/index.php?rest_route=%2Fwp%2Fv2%2Ftags&post=257899"}],"curies":[{"name":"wp","href":"https:\/\/api.w.org\/{rel}","templated":true}]}}