{"id":257905,"date":"2022-06-27T14:58:58","date_gmt":"2022-06-27T11:58:58","guid":{"rendered":"http:\/\/107.6.182.27\/tr\/?p=257905"},"modified":"2022-06-28T08:22:15","modified_gmt":"2022-06-28T05:22:15","slug":"enformasyon-bakani-suriye-ile-iran-arasinda-medya-isbirliginin-gelistirilmesi-gerekiyor","status":"publish","type":"post","link":"https:\/\/archive.sana.sy\/tr\/?p=257905","title":{"rendered":"Enformasyon Bakan\u0131: Suriye \u0130le \u0130ran Aras\u0131nda Medya \u0130\u015fbirli\u011finin Geli\u015ftirilmesi Gerekiyor"},"content":{"rendered":"<p style=\"text-align: justify;\">\u015eAM &#8211; Enformasyon Bakan\u0131 Dr. Butros Al Hallak bug\u00fcn \u0130ran Radyo ve Televizyon Kamu Kurumu ba\u015fkan\u0131 Dr. Peyman Cebeli ve beraberindeki heyet ile iki \u00fclke aras\u0131ndaki medya i\u015fbirli\u011fini geli\u015ftirmenin ve geli\u015ftirmenin yollar\u0131n\u0131 ele ald\u0131.<\/p>\n<p style=\"text-align: justify;\">Enformasyon Bakan\u0131, ger\u00e7ekleri \u00e7arp\u0131tarak ve kavramlar\u0131 tersine \u00e7evirerek toplumlar\u0131 hedef alan yanl\u0131\u015f haberler ve medya kampanyalar\u0131yla m\u00fccadelede ikili stratejik ili\u015fkilerin \u00f6nemini ve ortak koordinasyonun gereklili\u011fini vurgulad\u0131.<\/p>\n<p style=\"text-align: justify;\">Bakan El Hallak, Suriye ulusal medyas\u0131n\u0131n dostlar\u0131n\u0131n da deste\u011fiyle Suriye&#8217;ye y\u00f6nelik k\u00f6t\u00fc niyetli medya kampanyalar\u0131na, duru\u015flar\u0131na ve de\u011fi\u015fmezlerine kar\u015f\u0131 koyabildi\u011fini ve son psikolojik etki teorilerinin kullan\u0131m\u0131 \u0131\u015f\u0131\u011f\u0131nda ger\u00e7ekleri netle\u015ftirebildi\u011fini belirtti.<\/p>\n<p style=\"text-align: justify;\">Kendi y\u00f6n\u00fcnden Dr. Cebeli, iki \u00fclke aras\u0131ndaki ili\u015fkilerin g\u00fcc\u00fcn\u00fc belirterek, \u00fclkesinin Suriye&#8217;ye devam eden deste\u011fine ve topraklar\u0131ndaki herhangi bir sald\u0131rganl\u0131\u011f\u0131 k\u0131nad\u0131\u011f\u0131na i\u015faret etti.<\/p>\n<p style=\"text-align: justify;\">Cebali, Suriye medyas\u0131n\u0131n direni\u015f ekseninin yan\u0131 s\u0131ra \u015fehitleri de tan\u0131tt\u0131\u011f\u0131 ve d\u00fc\u015fmanlar\u0131n zehirli propagandas\u0131na kar\u015f\u0131 durdu\u011funu, \u00fclkesine y\u00f6nelik komplo ve devam eden medya sava\u015f\u0131n\u0131 \u00f6nleyebildi\u011fine dikkat \u00e7ekti.<\/p>\n<p style=\"text-align: justify;\">Cebeli, &#8220;Bug\u00fcn direni\u015f cephesi birle\u015fik bir cephedir ve Suriye onun kalbidir, Suriye&#8217;nin halk\u0131n\u0131n ve ordusunun direni\u015fi sayesinde zafere ula\u015ft\u0131\u011f\u0131n\u0131 ve d\u00fc\u015fman\u0131n herhangi bir hedefine ula\u015fmas\u0131n\u0131 engelledi\u011fini&#8221; s\u00f6zlerine ekledi.<\/p>\n<p style=\"text-align: justify;\">\u0130ran medya heyeti, di\u011fer Suriye medyas\u0131 ile i\u015fbirli\u011fi yollar\u0131n\u0131 tart\u0131\u015fman\u0131n yan\u0131 s\u0131ra Radyo ve Televizyon Genel Otoritesi ile \u0130ran Radyo ve Televizyon Kamu Otoritesi aras\u0131nda i\u015fbirli\u011fine odaklanan g\u00f6r\u00fc\u015fmelerde bulunmak \u00fczere \u015eam&#8217;\u0131 ziyaret ediyor.<\/p>\n","protected":false},"excerpt":{"rendered":"<p>\u015eAM &#8211; Enformasyon Bakan\u0131 Dr. Butros Al Hallak bug\u00fcn \u0130ran Radyo ve Televizyon Kamu Kurumu ba\u015fkan\u0131 Dr. Peyman Cebeli ve beraberindeki heyet ile iki \u00fclke aras\u0131ndaki medya i\u015fbirli\u011fini geli\u015ftirmenin ve geli\u015ftirmenin yollar\u0131n\u0131 ele ald\u0131. Enformasyon Bakan\u0131, ger\u00e7ekleri \u00e7arp\u0131tarak ve kavramlar\u0131 tersine \u00e7evirerek toplumlar\u0131 hedef alan yanl\u0131\u015f haberler ve medya kampanyalar\u0131yla m\u00fccadelede ikili stratejik ili\u015fkilerin \u00f6nemini &hellip;<\/p>\n","protected":false},"author":1,"featured_media":257906,"comment_status":"closed","ping_status":"closed","sticky":false,"template":"","format":"standard","meta":{"footnotes":""},"categories":[479,17988,478],"tags":[],"class_list":["post-257905","post","type-post","status-publish","format-standard","has-post-thumbnail","","category-haberler-yerel","category-son-haberler","category-yerel"],"_links":{"self":[{"href":"https:\/\/archive.sana.sy\/tr\/index.php?rest_route=\/wp\/v2\/posts\/257905","targetHints":{"allow":["GET"]}}],"collection":[{"href":"https:\/\/archive.sana.sy\/tr\/index.php?rest_route=\/wp\/v2\/posts"}],"about":[{"href":"https:\/\/archive.sana.sy\/tr\/index.php?rest_route=\/wp\/v2\/types\/post"}],"author":[{"embeddable":true,"href":"https:\/\/archive.sana.sy\/tr\/index.php?rest_route=\/wp\/v2\/users\/1"}],"replies":[{"embeddable":true,"href":"https:\/\/archive.sana.sy\/tr\/index.php?rest_route=%2Fwp%2Fv2%2Fcomments&post=257905"}],"version-history":[{"count":0,"href":"https:\/\/archive.sana.sy\/tr\/index.php?rest_route=\/wp\/v2\/posts\/257905\/revisions"}],"wp:featuredmedia":[{"embeddable":true,"href":"https:\/\/archive.sana.sy\/tr\/index.php?rest_route=\/wp\/v2\/media\/257906"}],"wp:attachment":[{"href":"https:\/\/archive.sana.sy\/tr\/index.php?rest_route=%2Fwp%2Fv2%2Fmedia&parent=257905"}],"wp:term":[{"taxonomy":"category","embeddable":true,"href":"https:\/\/archive.sana.sy\/tr\/index.php?rest_route=%2Fwp%2Fv2%2Fcategories&post=257905"},{"taxonomy":"post_tag","embeddable":true,"href":"https:\/\/archive.sana.sy\/tr\/index.php?rest_route=%2Fwp%2Fv2%2Ftags&post=257905"}],"curies":[{"name":"wp","href":"https:\/\/api.w.org\/{rel}","templated":true}]}}