{"id":257908,"date":"2022-06-27T15:01:47","date_gmt":"2022-06-27T12:01:47","guid":{"rendered":"http:\/\/107.6.182.27\/tr\/?p=257908"},"modified":"2022-06-28T08:26:02","modified_gmt":"2022-06-28T05:26:02","slug":"caferi-suriyedeki-savasin-gercek-resmini-netlestirmede-gurbetcilerin-rolu-onemlidir","status":"publish","type":"post","link":"https:\/\/archive.sana.sy\/tr\/?p=257908","title":{"rendered":"Caferi: Suriye&#8217;deki Sava\u015f\u0131n Ger\u00e7ek Resmini Netle\u015ftirmede Gurbet\u00e7ilerin Rol\u00fc \u00d6nemlidir"},"content":{"rendered":"<p style=\"text-align: justify;\">\u015eAM &#8211; D\u0131\u015fi\u015fleri ve Gurbet\u00e7iler Bakan Yard\u0131mc\u0131s\u0131 Dr. Be\u015f\u015farCaferi, ya\u015fad\u0131klar\u0131 toplumlarda Suriye&#8217;ye kar\u015f\u0131 sava\u015f\u0131n t\u00fcm mevcut yollarla ger\u00e7ek resmini netle\u015ftirmede gurbet\u00e7ilerin rol\u00fcn\u00fcn \u00f6nemini belirtti.<\/p>\n<p style=\"text-align: justify;\">Caferi, d\u00fcn bir gurbet\u00e7i heyeti ile yapt\u0131\u011f\u0131 g\u00f6r\u00fc\u015fmede, gurbet\u00e7ilerin \u00e7al\u0131\u015fmalar\u0131n\u0131, \u00e7abalar\u0131n\u0131 birle\u015ftiren ve seslerini ya\u015fad\u0131klar\u0131 gurbet\u00e7i \u00fclkelerin yetkililerine ula\u015ft\u0131ran derneklerde veya gurbet\u00e7i derneklerde d\u00fczenlemenin gereklili\u011fini vurgulad\u0131.<\/p>\n<p style=\"text-align: justify;\">Caferi, heyete Suriye&#8217;ye uygulanan gayri me\u015fru tek tarafl\u0131 zorlay\u0131c\u0131 ekonomik yapt\u0131r\u0131mlar\u0131n, \u00f6zellikle baz\u0131 Suriye b\u00fcy\u00fckel\u00e7iliklerinin ve bir\u00e7ok \u00fclkedeki fahri konsolosluklar\u0131n kapat\u0131lmas\u0131 ve yurtd\u0131\u015f\u0131ndaki baz\u0131 Suriye b\u00fcy\u00fckel\u00e7iliklerinin banka hesaplar\u0131n\u0131n kapat\u0131lmas\u0131 gibi b\u00fcy\u00fckel\u00e7iliklerdeki konsolosluk \u00e7al\u0131\u015fmalar\u0131 \u00fczerindeki olumsuz etkilerini anlatt\u0131.<\/p>\n<p style=\"text-align: justify;\">Caferi, Suriyeli gurbet\u00e7ilerin yurtd\u0131\u015f\u0131ndaki Suriye b\u00fcy\u00fckel\u00e7ilik ve konsolosluklar\u0131nda konsolosluk i\u015flemlerini tamamlamada ya\u015fad\u0131klar\u0131 konsolosluk i\u015flerinin zorluklar\u0131n\u0131 ve \u00f6nerilen \u00e7\u00f6z\u00fcmleri dinledi.<\/p>\n","protected":false},"excerpt":{"rendered":"<p>\u015eAM &#8211; D\u0131\u015fi\u015fleri ve Gurbet\u00e7iler Bakan Yard\u0131mc\u0131s\u0131 Dr. Be\u015f\u015farCaferi, ya\u015fad\u0131klar\u0131 toplumlarda Suriye&#8217;ye kar\u015f\u0131 sava\u015f\u0131n t\u00fcm mevcut yollarla ger\u00e7ek resmini netle\u015ftirmede gurbet\u00e7ilerin rol\u00fcn\u00fcn \u00f6nemini belirtti. Caferi, d\u00fcn bir gurbet\u00e7i heyeti ile yapt\u0131\u011f\u0131 g\u00f6r\u00fc\u015fmede, gurbet\u00e7ilerin \u00e7al\u0131\u015fmalar\u0131n\u0131, \u00e7abalar\u0131n\u0131 birle\u015ftiren ve seslerini ya\u015fad\u0131klar\u0131 gurbet\u00e7i \u00fclkelerin yetkililerine ula\u015ft\u0131ran derneklerde veya gurbet\u00e7i derneklerde d\u00fczenlemenin gereklili\u011fini vurgulad\u0131. Caferi, heyete Suriye&#8217;ye uygulanan gayri &hellip;<\/p>\n","protected":false},"author":1,"featured_media":257909,"comment_status":"closed","ping_status":"closed","sticky":false,"template":"","format":"standard","meta":{"footnotes":""},"categories":[479,17988,478],"tags":[],"class_list":["post-257908","post","type-post","status-publish","format-standard","has-post-thumbnail","","category-haberler-yerel","category-son-haberler","category-yerel"],"_links":{"self":[{"href":"https:\/\/archive.sana.sy\/tr\/index.php?rest_route=\/wp\/v2\/posts\/257908","targetHints":{"allow":["GET"]}}],"collection":[{"href":"https:\/\/archive.sana.sy\/tr\/index.php?rest_route=\/wp\/v2\/posts"}],"about":[{"href":"https:\/\/archive.sana.sy\/tr\/index.php?rest_route=\/wp\/v2\/types\/post"}],"author":[{"embeddable":true,"href":"https:\/\/archive.sana.sy\/tr\/index.php?rest_route=\/wp\/v2\/users\/1"}],"replies":[{"embeddable":true,"href":"https:\/\/archive.sana.sy\/tr\/index.php?rest_route=%2Fwp%2Fv2%2Fcomments&post=257908"}],"version-history":[{"count":0,"href":"https:\/\/archive.sana.sy\/tr\/index.php?rest_route=\/wp\/v2\/posts\/257908\/revisions"}],"wp:featuredmedia":[{"embeddable":true,"href":"https:\/\/archive.sana.sy\/tr\/index.php?rest_route=\/wp\/v2\/media\/257909"}],"wp:attachment":[{"href":"https:\/\/archive.sana.sy\/tr\/index.php?rest_route=%2Fwp%2Fv2%2Fmedia&parent=257908"}],"wp:term":[{"taxonomy":"category","embeddable":true,"href":"https:\/\/archive.sana.sy\/tr\/index.php?rest_route=%2Fwp%2Fv2%2Fcategories&post=257908"},{"taxonomy":"post_tag","embeddable":true,"href":"https:\/\/archive.sana.sy\/tr\/index.php?rest_route=%2Fwp%2Fv2%2Ftags&post=257908"}],"curies":[{"name":"wp","href":"https:\/\/api.w.org\/{rel}","templated":true}]}}