{"id":257924,"date":"2022-06-27T21:07:04","date_gmt":"2022-06-27T18:07:04","guid":{"rendered":"http:\/\/107.6.182.27\/tr\/?p=257924"},"modified":"2022-06-28T14:18:58","modified_gmt":"2022-06-28T11:18:58","slug":"arnustan-iranli-medya-heyetine-medya-kuruluslarinin-iki-ulkeyi-hedef-alan-dezenformasyon-kampanyalarini-ifsa-etme-cabalarini-birlestirmek","status":"publish","type":"post","link":"https:\/\/archive.sana.sy\/tr\/?p=257924","title":{"rendered":"Arnus&#8217;tan \u0130ranl\u0131 Medya Heyetine: Medya Kurulu\u015flar\u0131n\u0131n \u0130ki \u00dclkeyi Hedef Alan Dezenformasyon Kampanyalar\u0131n\u0131 \u0130f\u015fa Etme \u00c7abalar\u0131n\u0131 Birle\u015ftirmek"},"content":{"rendered":"<p style=\"text-align: justify;\">\u015eAM \u2013 Ba\u015fbakan H\u00fcseyin Arnus, Suriye&#8217;ye y\u00f6nelik k\u0131\u015fk\u0131rtma, yanl\u0131\u015f bilgilendirme ve ger\u00e7eklerin tahrif edilmesini i\u00e7eren medya sava\u015f\u0131n\u0131n, y\u0131llard\u0131r kar\u015f\u0131 kar\u015f\u0131ya oldu\u011fu ter\u00f6r ve ekonomik sava\u015f\u0131n y\u00f6nlerinden biri oldu\u011funu teyit etti.<\/p>\n<p style=\"text-align: justify;\">\u0130ran \u0130slam Cumhuriyeti Radyo ve Televizyon Kurumu Ba\u015fkan\u0131 Beyman Cabali ve beraberindeki heyetle bug\u00fcn yapt\u0131\u011f\u0131 g\u00f6r\u00fc\u015fmede Arnus, baz\u0131 medya kurulu\u015flar\u0131 taraf\u0131ndan y\u00fcr\u00fct\u00fclen yan\u0131lt\u0131c\u0131 kampanyalar\u0131 ortaya \u00e7\u0131karmak i\u00e7in iki \u00fclkedeki medya kurulu\u015flar\u0131 aras\u0131ndaki \u00e7abalar\u0131n birle\u015ftirilmesi \u00e7a\u011fr\u0131s\u0131nda bulundu.<\/p>\n<p style=\"text-align: justify;\">Ba\u015fbakan, Suriye ile \u0130ran aras\u0131nda devam eden ekonomik, bilimsel, k\u00fclt\u00fcrel ve medya delegasyonlar\u0131n\u0131n de\u011fi\u015fiminin, iki \u00fclke liderlerinin \u00e7e\u015fitli alanlarda ikili ili\u015fkileri destekleme ve geli\u015ftirme iradesinin bir \u00f6rne\u011fi oldu\u011funa dikkat \u00e7ekti.<\/p>\n<p style=\"text-align: justify;\">Cabali ise Suriye&#8217;yi ter\u00f6re kar\u015f\u0131 kazand\u0131\u011f\u0131 zaferlerden ve ordusunun, halk\u0131n\u0131n ve liderli\u011finin kahramanl\u0131\u011f\u0131 sayesinde bir\u00e7ok topraklar\u0131n\u0131n kurtar\u0131lmas\u0131ndan dolay\u0131 tebrik ederken, Suriye&#8217;ye y\u00f6nelik bask\u0131 ve haks\u0131z ekonomik ablukan\u0131n, Suriye&#8217;nin sahadaki zaferinin ve d\u00fc\u015fmanlar\u0131n planlad\u0131klar\u0131n\u0131 ba\u015faramamas\u0131n\u0131n bir sonucu oldu\u011funu s\u00f6yledi.<\/p>\n<p style=\"text-align: justify;\">\u0130ki taraf ayr\u0131ca, Suriye&#8217;deki Radyo ve Televizyon Genel Otoritesi ile \u0130ran&#8217;daki Radyo ve Televizyon Kurumu aras\u0131ndaki koordinasyonun ve i\u015fbirli\u011finin g\u00fc\u00e7lendirilmesinin ve insan kadrolar\u0131n\u0131n e\u011fitimi ile teknik ve teknik destek alanlar\u0131nda \u0130ran uzmanl\u0131\u011f\u0131ndan yararlanman\u0131n \u00f6nemini vurgulayarak, sinematik filmlerin ve dramalar\u0131n yap\u0131m\u0131 da dahil olmak \u00fczere ortak projelerin kurulmas\u0131 gerekti\u011fine de i\u015faret etti.<\/p>\n<p style=\"text-align: justify;\">P.M.<\/p>\n","protected":false},"excerpt":{"rendered":"<p>\u015eAM \u2013 Ba\u015fbakan H\u00fcseyin Arnus, Suriye&#8217;ye y\u00f6nelik k\u0131\u015fk\u0131rtma, yanl\u0131\u015f bilgilendirme ve ger\u00e7eklerin tahrif edilmesini i\u00e7eren medya sava\u015f\u0131n\u0131n, y\u0131llard\u0131r kar\u015f\u0131 kar\u015f\u0131ya oldu\u011fu ter\u00f6r ve ekonomik sava\u015f\u0131n y\u00f6nlerinden biri oldu\u011funu teyit etti. \u0130ran \u0130slam Cumhuriyeti Radyo ve Televizyon Kurumu Ba\u015fkan\u0131 Beyman Cabali ve beraberindeki heyetle bug\u00fcn yapt\u0131\u011f\u0131 g\u00f6r\u00fc\u015fmede Arnus, baz\u0131 medya kurulu\u015flar\u0131 taraf\u0131ndan y\u00fcr\u00fct\u00fclen yan\u0131lt\u0131c\u0131 kampanyalar\u0131 ortaya &hellip;<\/p>\n","protected":false},"author":1,"featured_media":257925,"comment_status":"closed","ping_status":"closed","sticky":false,"template":"","format":"standard","meta":{"footnotes":""},"categories":[479,17988,478],"tags":[],"class_list":["post-257924","post","type-post","status-publish","format-standard","has-post-thumbnail","","category-haberler-yerel","category-son-haberler","category-yerel"],"_links":{"self":[{"href":"https:\/\/archive.sana.sy\/tr\/index.php?rest_route=\/wp\/v2\/posts\/257924","targetHints":{"allow":["GET"]}}],"collection":[{"href":"https:\/\/archive.sana.sy\/tr\/index.php?rest_route=\/wp\/v2\/posts"}],"about":[{"href":"https:\/\/archive.sana.sy\/tr\/index.php?rest_route=\/wp\/v2\/types\/post"}],"author":[{"embeddable":true,"href":"https:\/\/archive.sana.sy\/tr\/index.php?rest_route=\/wp\/v2\/users\/1"}],"replies":[{"embeddable":true,"href":"https:\/\/archive.sana.sy\/tr\/index.php?rest_route=%2Fwp%2Fv2%2Fcomments&post=257924"}],"version-history":[{"count":0,"href":"https:\/\/archive.sana.sy\/tr\/index.php?rest_route=\/wp\/v2\/posts\/257924\/revisions"}],"wp:featuredmedia":[{"embeddable":true,"href":"https:\/\/archive.sana.sy\/tr\/index.php?rest_route=\/wp\/v2\/media\/257925"}],"wp:attachment":[{"href":"https:\/\/archive.sana.sy\/tr\/index.php?rest_route=%2Fwp%2Fv2%2Fmedia&parent=257924"}],"wp:term":[{"taxonomy":"category","embeddable":true,"href":"https:\/\/archive.sana.sy\/tr\/index.php?rest_route=%2Fwp%2Fv2%2Fcategories&post=257924"},{"taxonomy":"post_tag","embeddable":true,"href":"https:\/\/archive.sana.sy\/tr\/index.php?rest_route=%2Fwp%2Fv2%2Ftags&post=257924"}],"curies":[{"name":"wp","href":"https:\/\/api.w.org\/{rel}","templated":true}]}}