{"id":257935,"date":"2022-06-28T09:42:54","date_gmt":"2022-06-28T06:42:54","guid":{"rendered":"http:\/\/107.6.182.27\/tr\/?p=257935"},"modified":"2022-06-29T08:21:31","modified_gmt":"2022-06-29T05:21:31","slug":"israil-isgal-gucleri-bati-yakada-6-filistinliyi-tutukladi-10","status":"publish","type":"post","link":"https:\/\/archive.sana.sy\/tr\/?p=257935","title":{"rendered":"\u0130srail \u0130\u015fgal G\u00fc\u00e7leri, Bat\u0131 Yaka&#8217;da 6 Filistinliyi Tutuklad\u0131"},"content":{"rendered":"<p>\u0130\u015eGAL ED\u0130LEN KUD\u00dcS \u2013\u0130srail i\u015fgal g\u00fc\u00e7leri, Bat\u0131 yaka&#8217;n\u0131n farkl\u0131 b\u00f6lgelerinde 6 Filistinliyi tutuklad\u0131<\/p>\n<p>Filistinli WAFA Haber Ajans\u0131, \u0130srail i\u015fgal g\u00fc\u00e7lerinin, Cenin&#8217;deki Ceba, El Siyle El Harisiye ve El Yamun beldeleri ve Beyt Lahm&#8217;\u0131n g\u00fcneyindeki El Doha beldesi bask\u0131n d\u00fczenledi\u011fini belirtirken, 6 Filistinliyi tutuklad\u0131\u011f\u0131na i\u015faret etti.<\/p>\n<p><a class=\"oajrlxb2 g5ia77u1 qu0x051f esr5mh6w e9989ue4 r7d6kgcz rq0escxv nhd2j8a9 nc684nl6 p7hjln8o kvgmc6g5 cxmmr5t8 oygrvhab hcukyx3x jb3vyjys rz4wbd8a qt6c0cv9 a8nywdso i1ao9s8h esuyzwwr f1sip0of lzcic4wl gpro0wi8 q66pz984 b1v8xokw\" tabindex=\"0\" role=\"link\" href=\"https:\/\/www.facebook.com\/hashtag\/telegram_kanal%C4%B1m%C4%B1z?__eep__=6&amp;__cft__[0]=AZXLOhkEkLUrorv9x8zA3F40sU5GvZKDT0AowG2gJ4ErSgvVWDkTpgwoG01zuKhsY9uTxYyFXxJT0zRxEIdOvGDTkVng-wdtHT52rFrYYcfAZ8JyczpAzG-K2S3JqNhPlGjr9jktbLizG_SVyFJ-sQL1ZEZXTnqLz5yZ_Lmdr2_E1w&amp;__tn__=*NK-R\">#Telegram_Kanal\u0131m\u0131z<\/a>: <a class=\"oajrlxb2 g5ia77u1 qu0x051f esr5mh6w e9989ue4 r7d6kgcz rq0escxv nhd2j8a9 nc684nl6 p7hjln8o kvgmc6g5 cxmmr5t8 oygrvhab hcukyx3x jb3vyjys rz4wbd8a qt6c0cv9 a8nywdso i1ao9s8h esuyzwwr f1sip0of lzcic4wl gpro0wi8 py34i1dx\" tabindex=\"0\" role=\"link\" href=\"https:\/\/t.me\/SuriyeArapHaberAjans?fbclid=IwAR06YfH7sAWB4X6ZTqCwGBfKPvEnbZCmaW-2A0C0hkrmbLT3_2tZq3VpIRY\" target=\"_blank\" rel=\"nofollow noopener\">https:\/\/t.me\/SuriyeArapHaberAjans<\/a><\/p>\n","protected":false},"excerpt":{"rendered":"<p>\u0130\u015eGAL ED\u0130LEN KUD\u00dcS \u2013\u0130srail i\u015fgal g\u00fc\u00e7leri, Bat\u0131 yaka&#8217;n\u0131n farkl\u0131 b\u00f6lgelerinde 6 Filistinliyi tutuklad\u0131 Filistinli WAFA Haber Ajans\u0131, \u0130srail i\u015fgal g\u00fc\u00e7lerinin, Cenin&#8217;deki Ceba, El Siyle El Harisiye ve El Yamun beldeleri ve Beyt Lahm&#8217;\u0131n g\u00fcneyindeki El Doha beldesi bask\u0131n d\u00fczenledi\u011fini belirtirken, 6 Filistinliyi tutuklad\u0131\u011f\u0131na i\u015faret etti. #Telegram_Kanal\u0131m\u0131z: https:\/\/t.me\/SuriyeArapHaberAjans<\/p>\n","protected":false},"author":39,"featured_media":257936,"comment_status":"closed","ping_status":"closed","sticky":false,"template":"","format":"standard","meta":{"footnotes":""},"categories":[458,459,17988],"tags":[],"class_list":["post-257935","post","type-post","status-publish","format-standard","has-post-thumbnail","","category-dunya1","category-haberler-arap-uluslararasi-politika","category-son-haberler"],"_links":{"self":[{"href":"https:\/\/archive.sana.sy\/tr\/index.php?rest_route=\/wp\/v2\/posts\/257935","targetHints":{"allow":["GET"]}}],"collection":[{"href":"https:\/\/archive.sana.sy\/tr\/index.php?rest_route=\/wp\/v2\/posts"}],"about":[{"href":"https:\/\/archive.sana.sy\/tr\/index.php?rest_route=\/wp\/v2\/types\/post"}],"author":[{"embeddable":true,"href":"https:\/\/archive.sana.sy\/tr\/index.php?rest_route=\/wp\/v2\/users\/39"}],"replies":[{"embeddable":true,"href":"https:\/\/archive.sana.sy\/tr\/index.php?rest_route=%2Fwp%2Fv2%2Fcomments&post=257935"}],"version-history":[{"count":0,"href":"https:\/\/archive.sana.sy\/tr\/index.php?rest_route=\/wp\/v2\/posts\/257935\/revisions"}],"wp:featuredmedia":[{"embeddable":true,"href":"https:\/\/archive.sana.sy\/tr\/index.php?rest_route=\/wp\/v2\/media\/257936"}],"wp:attachment":[{"href":"https:\/\/archive.sana.sy\/tr\/index.php?rest_route=%2Fwp%2Fv2%2Fmedia&parent=257935"}],"wp:term":[{"taxonomy":"category","embeddable":true,"href":"https:\/\/archive.sana.sy\/tr\/index.php?rest_route=%2Fwp%2Fv2%2Fcategories&post=257935"},{"taxonomy":"post_tag","embeddable":true,"href":"https:\/\/archive.sana.sy\/tr\/index.php?rest_route=%2Fwp%2Fv2%2Ftags&post=257935"}],"curies":[{"name":"wp","href":"https:\/\/api.w.org\/{rel}","templated":true}]}}