{"id":257943,"date":"2022-06-27T21:06:29","date_gmt":"2022-06-27T18:06:29","guid":{"rendered":"http:\/\/107.6.182.27\/tr\/?p=257943"},"modified":"2022-06-29T08:21:20","modified_gmt":"2022-06-29T05:21:20","slug":"dera-kirsalinda-silahli-saldiri-bilanco-5-sehit-3-yarali","status":"publish","type":"post","link":"https:\/\/archive.sana.sy\/tr\/?p=257943","title":{"rendered":"Dera K\u0131rsal\u0131nda Silahl\u0131 Sald\u0131r\u0131 Bilan\u00e7o: 5 \u015eehit 3 Yaral\u0131"},"content":{"rendered":"<p>DERA \u2013 Dera&#8217;n\u0131n kuzey k\u0131rsal\u0131ndaki Sanameyn kentinde Tar\u0131m dairesi ba\u015fkan\u0131n\u0131n evine kimli\u011fi belirsiz ki\u015filerce otomatik silahlarla sald\u0131rmas\u0131 sonucu 5 vatanda\u015f \u015fehit d\u00fc\u015ft\u00fc, 2 kad\u0131n ve 1 \u00e7ocuk da yaraland\u0131.<\/p>\n<p>Dera il emniyet m\u00fcd\u00fcrl\u00fc\u011f\u00fcnden bir kaynak, kimli\u011fi belirsiz silahl\u0131 ki\u015filerin Sanameyn Tar\u0131m dairesi ba\u015fkan\u0131n\u0131n evinde bulunan Sosyalist Arap Baas Partisi&#8217;nin Dera \u015fubesi eski sekreteri Kemal El Etma da dahil olmak \u00fczere bir grup vatanda\u015f\u0131 hedef ald\u0131\u011f\u0131n\u0131, sonucunda saflar\u0131nda ciddi yaralanmalara neden oldu\u011funu, sonras\u0131nda Sanameyn Askeri Hastanesi&#8217;ne kald\u0131r\u0131ld\u0131klar\u0131n\u0131, akabinde 5&#8217;nin \u015fehit d\u00fc\u015ft\u00fc\u011f\u00fcn\u00fc belirtti.<\/p>\n<p>Dera Tar\u0131m M\u00fcd\u00fcr\u00fc M\u00fchendis Bessam El Ha\u015fi\u015f ise, evini hedef alan sald\u0131r\u0131da El Sanameyn dairesi ba\u015fkan\u0131n\u0131n yaralanmad\u0131\u011f\u0131n\u0131 belirtti.<\/p>\n<p><a class=\"oajrlxb2 g5ia77u1 qu0x051f esr5mh6w e9989ue4 r7d6kgcz rq0escxv nhd2j8a9 nc684nl6 p7hjln8o kvgmc6g5 cxmmr5t8 oygrvhab hcukyx3x jb3vyjys rz4wbd8a qt6c0cv9 a8nywdso i1ao9s8h esuyzwwr f1sip0of lzcic4wl gpro0wi8 q66pz984 b1v8xokw\" tabindex=\"0\" role=\"link\" href=\"https:\/\/www.facebook.com\/hashtag\/telegram_kanal%C4%B1m%C4%B1z?__eep__=6&amp;__cft__[0]=AZXLOhkEkLUrorv9x8zA3F40sU5GvZKDT0AowG2gJ4ErSgvVWDkTpgwoG01zuKhsY9uTxYyFXxJT0zRxEIdOvGDTkVng-wdtHT52rFrYYcfAZ8JyczpAzG-K2S3JqNhPlGjr9jktbLizG_SVyFJ-sQL1ZEZXTnqLz5yZ_Lmdr2_E1w&amp;__tn__=*NK-R\">#Telegram_Kanal\u0131m\u0131z<\/a>: <a class=\"oajrlxb2 g5ia77u1 qu0x051f esr5mh6w e9989ue4 r7d6kgcz rq0escxv nhd2j8a9 nc684nl6 p7hjln8o kvgmc6g5 cxmmr5t8 oygrvhab hcukyx3x jb3vyjys rz4wbd8a qt6c0cv9 a8nywdso i1ao9s8h esuyzwwr f1sip0of lzcic4wl gpro0wi8 py34i1dx\" tabindex=\"0\" role=\"link\" href=\"https:\/\/t.me\/SuriyeArapHaberAjans?fbclid=IwAR06YfH7sAWB4X6ZTqCwGBfKPvEnbZCmaW-2A0C0hkrmbLT3_2tZq3VpIRY\" target=\"_blank\" rel=\"nofollow noopener\">https:\/\/t.me\/SuriyeArapHaberAjans<\/a><\/p>\n","protected":false},"excerpt":{"rendered":"<p>DERA \u2013 Dera&#8217;n\u0131n kuzey k\u0131rsal\u0131ndaki Sanameyn kentinde Tar\u0131m dairesi ba\u015fkan\u0131n\u0131n evine kimli\u011fi belirsiz ki\u015filerce otomatik silahlarla sald\u0131rmas\u0131 sonucu 5 vatanda\u015f \u015fehit d\u00fc\u015ft\u00fc, 2 kad\u0131n ve 1 \u00e7ocuk da yaraland\u0131. Dera il emniyet m\u00fcd\u00fcrl\u00fc\u011f\u00fcnden bir kaynak, kimli\u011fi belirsiz silahl\u0131 ki\u015filerin Sanameyn Tar\u0131m dairesi ba\u015fkan\u0131n\u0131n evinde bulunan Sosyalist Arap Baas Partisi&#8217;nin Dera \u015fubesi eski sekreteri Kemal El &hellip;<\/p>\n","protected":false},"author":39,"featured_media":257944,"comment_status":"closed","ping_status":"closed","sticky":false,"template":"","format":"standard","meta":{"footnotes":""},"categories":[479,17988,478],"tags":[],"class_list":["post-257943","post","type-post","status-publish","format-standard","has-post-thumbnail","","category-haberler-yerel","category-son-haberler","category-yerel"],"_links":{"self":[{"href":"https:\/\/archive.sana.sy\/tr\/index.php?rest_route=\/wp\/v2\/posts\/257943","targetHints":{"allow":["GET"]}}],"collection":[{"href":"https:\/\/archive.sana.sy\/tr\/index.php?rest_route=\/wp\/v2\/posts"}],"about":[{"href":"https:\/\/archive.sana.sy\/tr\/index.php?rest_route=\/wp\/v2\/types\/post"}],"author":[{"embeddable":true,"href":"https:\/\/archive.sana.sy\/tr\/index.php?rest_route=\/wp\/v2\/users\/39"}],"replies":[{"embeddable":true,"href":"https:\/\/archive.sana.sy\/tr\/index.php?rest_route=%2Fwp%2Fv2%2Fcomments&post=257943"}],"version-history":[{"count":0,"href":"https:\/\/archive.sana.sy\/tr\/index.php?rest_route=\/wp\/v2\/posts\/257943\/revisions"}],"wp:featuredmedia":[{"embeddable":true,"href":"https:\/\/archive.sana.sy\/tr\/index.php?rest_route=\/wp\/v2\/media\/257944"}],"wp:attachment":[{"href":"https:\/\/archive.sana.sy\/tr\/index.php?rest_route=%2Fwp%2Fv2%2Fmedia&parent=257943"}],"wp:term":[{"taxonomy":"category","embeddable":true,"href":"https:\/\/archive.sana.sy\/tr\/index.php?rest_route=%2Fwp%2Fv2%2Fcategories&post=257943"},{"taxonomy":"post_tag","embeddable":true,"href":"https:\/\/archive.sana.sy\/tr\/index.php?rest_route=%2Fwp%2Fv2%2Ftags&post=257943"}],"curies":[{"name":"wp","href":"https:\/\/api.w.org\/{rel}","templated":true}]}}