{"id":257948,"date":"2022-06-28T12:35:24","date_gmt":"2022-06-28T09:35:24","guid":{"rendered":"http:\/\/107.6.182.27\/tr\/?p=257948"},"modified":"2022-06-29T08:21:38","modified_gmt":"2022-06-29T05:21:38","slug":"polyansky-rusya-israilin-isgal-altindaki-suriye-golani-uzerinde-kontrol-dayatma-girisimlerini-tanimayacak","status":"publish","type":"post","link":"https:\/\/archive.sana.sy\/tr\/?p=257948","title":{"rendered":"Polyansky: Rusya, \u0130srail&#8217;in \u0130\u015fgal Alt\u0131ndaki Suriye Golan&#8217;\u0131 \u00dczerinde Kontrol Dayatma Giri\u015fimlerini Tan\u0131mayacak"},"content":{"rendered":"<p>New York \u2013 Rusya&#8217;n\u0131n Birle\u015fmi\u015f Milletler Daimi Temsilci Yard\u0131mc\u0131s\u0131 Dmitry Polyansky, Rusya&#8217;n\u0131n \u0130srail&#8217;in i\u015fgal alt\u0131ndaki Suriye Golan&#8217;\u0131 ele ge\u00e7irme \u00e7abalar\u0131n\u0131 reddeden tutumunu yineledi, Golan&#8217;\u0131n Suriye topra\u011f\u0131 oldu\u011funu vurgulad\u0131.<\/p>\n<p>BM G\u00fcvenlik Konseyi toplant\u0131s\u0131nda yapt\u0131\u011f\u0131 konu\u015fmada Polyansky, \u0130srail i\u015fgal h\u00fck\u00fcmetinin 2026 y\u0131l\u0131na kadar i\u015fgal alt\u0131ndaki Suriye Golan ve Bat\u0131 Yaka&#8217;daki yerle\u015fimcilerin say\u0131s\u0131n\u0131 iki kat\u0131na \u00e7\u0131karmay\u0131 planlad\u0131\u011f\u0131n\u0131 a\u00e7\u0131klayarak, &#8221; Rusya Federasyonu, \u0130srail&#8217;in Suriye&#8217;nin Golan \u00fczerindeki egemenli\u011fini tan\u0131m\u0131yor.&#8221; Dedi<\/p>\n<p>Polyansky, \u0130srail&#8217;in Suriye topraklar\u0131na y\u00f6nelik, sonuncusu \u015eam Uluslararas\u0131 Havaliman\u0131&#8217;n\u0131 hedef alan m\u00fckerrer sald\u0131rganl\u0131\u011f\u0131n\u0131n yan\u0131 s\u0131ra, \u00f6rg\u00fct\u00fcn i\u015fgal alt\u0131ndaki Filistin topraklar\u0131ndaki su\u00e7 ve ihlallerinin ABD&#8217;nin onay\u0131 ile ger\u00e7ekle\u015ftirildi\u011fine dikkat \u00e7ekerek \u201cBu yasa d\u0131\u015f\u0131 tek tarafl\u0131 eylemler Wa\u015fington&#8217;un sessiz onay\u0131yla ger\u00e7ekle\u015ftiriliyor\u201d Dedi.<\/p>\n<p>Polyansky, &#8220;Uluslararas\u0131 toplumun Filistin haklar\u0131n\u0131n sistematik ihlalini g\u00f6rmezden gelmesi, Bat\u0131l\u0131 \u00fclkelerin insan haklar\u0131na y\u00f6nelik uygulad\u0131\u011f\u0131 \u00e7ifte standard\u0131n a\u00e7\u0131k bir \u00f6rne\u011fidir&#8221; Dedi<\/p>\n<p><a class=\"oajrlxb2 g5ia77u1 qu0x051f esr5mh6w e9989ue4 r7d6kgcz rq0escxv nhd2j8a9 nc684nl6 p7hjln8o kvgmc6g5 cxmmr5t8 oygrvhab hcukyx3x jb3vyjys rz4wbd8a qt6c0cv9 a8nywdso i1ao9s8h esuyzwwr f1sip0of lzcic4wl gpro0wi8 q66pz984 b1v8xokw\" tabindex=\"0\" role=\"link\" href=\"https:\/\/www.facebook.com\/hashtag\/telegram_kanal%C4%B1m%C4%B1z?__eep__=6&amp;__cft__[0]=AZXLOhkEkLUrorv9x8zA3F40sU5GvZKDT0AowG2gJ4ErSgvVWDkTpgwoG01zuKhsY9uTxYyFXxJT0zRxEIdOvGDTkVng-wdtHT52rFrYYcfAZ8JyczpAzG-K2S3JqNhPlGjr9jktbLizG_SVyFJ-sQL1ZEZXTnqLz5yZ_Lmdr2_E1w&amp;__tn__=*NK-R\">#Telegram_Kanal\u0131m\u0131z<\/a>: <a class=\"oajrlxb2 g5ia77u1 qu0x051f esr5mh6w e9989ue4 r7d6kgcz rq0escxv nhd2j8a9 nc684nl6 p7hjln8o kvgmc6g5 cxmmr5t8 oygrvhab hcukyx3x jb3vyjys rz4wbd8a qt6c0cv9 a8nywdso i1ao9s8h esuyzwwr f1sip0of lzcic4wl gpro0wi8 py34i1dx\" tabindex=\"0\" role=\"link\" href=\"https:\/\/t.me\/SuriyeArapHaberAjans?fbclid=IwAR06YfH7sAWB4X6ZTqCwGBfKPvEnbZCmaW-2A0C0hkrmbLT3_2tZq3VpIRY\" target=\"_blank\" rel=\"nofollow noopener\">https:\/\/t.me\/SuriyeArapHaberAjans<\/a><\/p>\n","protected":false},"excerpt":{"rendered":"<p>New York \u2013 Rusya&#8217;n\u0131n Birle\u015fmi\u015f Milletler Daimi Temsilci Yard\u0131mc\u0131s\u0131 Dmitry Polyansky, Rusya&#8217;n\u0131n \u0130srail&#8217;in i\u015fgal alt\u0131ndaki Suriye Golan&#8217;\u0131 ele ge\u00e7irme \u00e7abalar\u0131n\u0131 reddeden tutumunu yineledi, Golan&#8217;\u0131n Suriye topra\u011f\u0131 oldu\u011funu vurgulad\u0131. BM G\u00fcvenlik Konseyi toplant\u0131s\u0131nda yapt\u0131\u011f\u0131 konu\u015fmada Polyansky, \u0130srail i\u015fgal h\u00fck\u00fcmetinin 2026 y\u0131l\u0131na kadar i\u015fgal alt\u0131ndaki Suriye Golan ve Bat\u0131 Yaka&#8217;daki yerle\u015fimcilerin say\u0131s\u0131n\u0131 iki kat\u0131na \u00e7\u0131karmay\u0131 planlad\u0131\u011f\u0131n\u0131 a\u00e7\u0131klayarak, &hellip;<\/p>\n","protected":false},"author":39,"featured_media":257949,"comment_status":"closed","ping_status":"closed","sticky":false,"template":"","format":"standard","meta":{"footnotes":""},"categories":[458,459,17988],"tags":[],"class_list":["post-257948","post","type-post","status-publish","format-standard","has-post-thumbnail","","category-dunya1","category-haberler-arap-uluslararasi-politika","category-son-haberler"],"_links":{"self":[{"href":"https:\/\/archive.sana.sy\/tr\/index.php?rest_route=\/wp\/v2\/posts\/257948","targetHints":{"allow":["GET"]}}],"collection":[{"href":"https:\/\/archive.sana.sy\/tr\/index.php?rest_route=\/wp\/v2\/posts"}],"about":[{"href":"https:\/\/archive.sana.sy\/tr\/index.php?rest_route=\/wp\/v2\/types\/post"}],"author":[{"embeddable":true,"href":"https:\/\/archive.sana.sy\/tr\/index.php?rest_route=\/wp\/v2\/users\/39"}],"replies":[{"embeddable":true,"href":"https:\/\/archive.sana.sy\/tr\/index.php?rest_route=%2Fwp%2Fv2%2Fcomments&post=257948"}],"version-history":[{"count":0,"href":"https:\/\/archive.sana.sy\/tr\/index.php?rest_route=\/wp\/v2\/posts\/257948\/revisions"}],"wp:featuredmedia":[{"embeddable":true,"href":"https:\/\/archive.sana.sy\/tr\/index.php?rest_route=\/wp\/v2\/media\/257949"}],"wp:attachment":[{"href":"https:\/\/archive.sana.sy\/tr\/index.php?rest_route=%2Fwp%2Fv2%2Fmedia&parent=257948"}],"wp:term":[{"taxonomy":"category","embeddable":true,"href":"https:\/\/archive.sana.sy\/tr\/index.php?rest_route=%2Fwp%2Fv2%2Fcategories&post=257948"},{"taxonomy":"post_tag","embeddable":true,"href":"https:\/\/archive.sana.sy\/tr\/index.php?rest_route=%2Fwp%2Fv2%2Ftags&post=257948"}],"curies":[{"name":"wp","href":"https:\/\/api.w.org\/{rel}","templated":true}]}}