{"id":258002,"date":"2022-06-28T22:13:54","date_gmt":"2022-06-28T19:13:54","guid":{"rendered":"http:\/\/107.6.182.27\/tr\/?p=258002"},"modified":"2022-06-29T08:25:05","modified_gmt":"2022-06-29T05:25:05","slug":"cin-israil-yerlesim-politikasi-filistin-halkinin-kendi-kaderini-tayin-hakkini-baltaliyor","status":"publish","type":"post","link":"https:\/\/archive.sana.sy\/tr\/?p=258002","title":{"rendered":"\u00c7in..\u0130srail Yerle\u015fim Politikas\u0131 Filistin Halk\u0131n\u0131n Kendi Kaderini Tayin Hakk\u0131n\u0131 Baltal\u0131yor"},"content":{"rendered":"<p style=\"text-align: justify;\">NEW YORK \u2013 \u00c7in, \u0130srail yerle\u015fim politikas\u0131n\u0131n devam etmesinin Filistin halk\u0131n\u0131n kendi kaderini tayin hakk\u0131n\u0131 baltalad\u0131\u011f\u0131n\u0131 vurgulayarak, Filistin sorununa kapsaml\u0131 ve adil bir \u00e7\u00f6z\u00fcm \u00e7a\u011fr\u0131s\u0131n\u0131 yineledi.<\/p>\n<p style=\"text-align: justify;\">Zhang, \u0130srail i\u015fgal makamlar\u0131n\u0131 2334 say\u0131l\u0131 Karara sayg\u0131s\u0131zl\u0131k etmeyi b\u0131rakmaya, t\u00fcm yerle\u015fim faaliyetlerini durdurmaya ve Filistin devletinin temellerini baltalamaya son vermeye \u00e7a\u011f\u0131rd\u0131.<\/p>\n<p style=\"text-align: justify;\">\u00c7in&#8217;in Birle\u015fmi\u015f Milletler daimi temsilcisi Zhang Jun, Xinhua ajans\u0131n\u0131n aktard\u0131\u011f\u0131na g\u00f6re Ortado\u011fu&#8217;daki durumla ilgili G\u00fcvenlik Konseyi toplant\u0131s\u0131nda, &#8220;Filistin sorunu, uluslararas\u0131 adalet ve b\u00fct\u00fcnl\u00fc\u011f\u00fcn ger\u00e7ek bir s\u0131nav\u0131d\u0131r\u201d dedi. Zhang bu ba\u011flamda, \u201c\u0130srail yerle\u015fimlerinin s\u00fcrekli geni\u015flemesi Filistin topraklar\u0131na ve do\u011fal kaynaklar\u0131na tecav\u00fcz ediyor ve Filistin halk\u0131n\u0131n kendi kaderini tayin hakk\u0131n\u0131 baltal\u0131yor\u201d ifadeleri s\u00f6zlerine ekledi.<\/p>\n<p style=\"text-align: justify;\">Zhang, \u00fclkesinin \u0130srail i\u015fgal g\u00fc\u00e7lerini ve yerle\u015fimcilerin \u00e7ocuklar da dahil olmak \u00fczere Filistinlilere y\u00f6nelik sald\u0131r\u0131lar\u0131n\u0131 k\u0131nad\u0131\u011f\u0131n\u0131 yineleyerek, &#8220;\u00dclkesinin uluslararas\u0131 toplumu, \u00f6zellikle de ilgili etkili taraflar\u0131 Ortado\u011fu&#8217;daki bar\u0131\u015f s\u00fcreci i\u00e7in ger\u00e7ek \u00e7aba sarf etmeye \u00e7a\u011f\u0131rd\u0131\u011f\u0131n\u0131&#8221; belirtti.<\/p>\n<p style=\"text-align: justify;\">P.M.<\/p>\n","protected":false},"excerpt":{"rendered":"<p>NEW YORK \u2013 \u00c7in, \u0130srail yerle\u015fim politikas\u0131n\u0131n devam etmesinin Filistin halk\u0131n\u0131n kendi kaderini tayin hakk\u0131n\u0131 baltalad\u0131\u011f\u0131n\u0131 vurgulayarak, Filistin sorununa kapsaml\u0131 ve adil bir \u00e7\u00f6z\u00fcm \u00e7a\u011fr\u0131s\u0131n\u0131 yineledi. Zhang, \u0130srail i\u015fgal makamlar\u0131n\u0131 2334 say\u0131l\u0131 Karara sayg\u0131s\u0131zl\u0131k etmeyi b\u0131rakmaya, t\u00fcm yerle\u015fim faaliyetlerini durdurmaya ve Filistin devletinin temellerini baltalamaya son vermeye \u00e7a\u011f\u0131rd\u0131. \u00c7in&#8217;in Birle\u015fmi\u015f Milletler daimi temsilcisi Zhang Jun, &hellip;<\/p>\n","protected":false},"author":1,"featured_media":0,"comment_status":"closed","ping_status":"closed","sticky":false,"template":"","format":"standard","meta":{"footnotes":""},"categories":[458,459,17988],"tags":[],"class_list":["post-258002","post","type-post","status-publish","format-standard","","category-dunya1","category-haberler-arap-uluslararasi-politika","category-son-haberler"],"_links":{"self":[{"href":"https:\/\/archive.sana.sy\/tr\/index.php?rest_route=\/wp\/v2\/posts\/258002","targetHints":{"allow":["GET"]}}],"collection":[{"href":"https:\/\/archive.sana.sy\/tr\/index.php?rest_route=\/wp\/v2\/posts"}],"about":[{"href":"https:\/\/archive.sana.sy\/tr\/index.php?rest_route=\/wp\/v2\/types\/post"}],"author":[{"embeddable":true,"href":"https:\/\/archive.sana.sy\/tr\/index.php?rest_route=\/wp\/v2\/users\/1"}],"replies":[{"embeddable":true,"href":"https:\/\/archive.sana.sy\/tr\/index.php?rest_route=%2Fwp%2Fv2%2Fcomments&post=258002"}],"version-history":[{"count":0,"href":"https:\/\/archive.sana.sy\/tr\/index.php?rest_route=\/wp\/v2\/posts\/258002\/revisions"}],"wp:attachment":[{"href":"https:\/\/archive.sana.sy\/tr\/index.php?rest_route=%2Fwp%2Fv2%2Fmedia&parent=258002"}],"wp:term":[{"taxonomy":"category","embeddable":true,"href":"https:\/\/archive.sana.sy\/tr\/index.php?rest_route=%2Fwp%2Fv2%2Fcategories&post=258002"},{"taxonomy":"post_tag","embeddable":true,"href":"https:\/\/archive.sana.sy\/tr\/index.php?rest_route=%2Fwp%2Fv2%2Ftags&post=258002"}],"curies":[{"name":"wp","href":"https:\/\/api.w.org\/{rel}","templated":true}]}}