{"id":258005,"date":"2022-06-28T22:17:40","date_gmt":"2022-06-28T19:17:40","guid":{"rendered":"http:\/\/107.6.182.27\/tr\/?p=258005"},"modified":"2022-06-30T08:17:52","modified_gmt":"2022-06-30T05:17:52","slug":"bakanlar-kurulu-iklim-kosullarindan-etkilenen-tum-alanlara-hizmetlerin-geri-verilmesi-ve-etkilenenlerin-tazmin-edilmesi","status":"publish","type":"post","link":"https:\/\/archive.sana.sy\/tr\/?p=258005","title":{"rendered":"Bakanlar Kurulu: \u0130klim Ko\u015fullar\u0131ndan Etkilenen T\u00fcm Alanlara Hizmetlerin Geri Verilmesi ve Etkilenenlerin Tazmin Edilmesi"},"content":{"rendered":"<p style=\"text-align: justify;\">\u015eAM \u2013 Bakanlar Kurulu, bug\u00fcn Ba\u015fbakan H\u00fcseyin Arnus ba\u015fkanl\u0131\u011f\u0131ndaki haftal\u0131k oturumunda, son d\u00f6nemde Lazkiye \u0130li&#8217;nde meydana gelen iklim ko\u015fullar\u0131 sonucunda hizmet, tar\u0131m ve kalk\u0131nma sekt\u00f6rleri ile \u00f6zel m\u00fclklerde meydana gelen t\u00fcm zararlar\u0131n say\u0131lmas\u0131 i\u00e7in ilgili bakanl\u0131klar\u0131 g\u00f6revlendirdi.<\/p>\n<p style=\"text-align: justify;\">Kabine, etkilenen t\u00fcm b\u00f6lgelere m\u00fcmk\u00fcn olan en k\u0131sa s\u00fcrede tam hizmetleri yeniden sa\u011flamak ve etkilenenleri tazmin etmek i\u00e7in azami \u00e7aba sarf edildi\u011fini ve hasar\u0131 azaltmak i\u00e7in gerekli t\u00fcm \u00f6nlemleri almak i\u00e7in son derece etkili hava ko\u015fullar\u0131n\u0131n tahmin edilmesi konusunda Tar\u0131m Bakanl\u0131\u011f\u0131 ile Meteoroloji M\u00fcd\u00fcrl\u00fc\u011f\u00fc aras\u0131nda s\u00fcrekli koordinasyon oldu\u011funu vurgulad\u0131.<\/p>\n<p style=\"text-align: justify;\">\u00d6te yandan Kabineye, Elektrik Bakan\u0131 Ghassan Al-Zamil taraf\u0131ndan son hava ko\u015fullar\u0131 nedeniyle elektrik \u015febekesinde meydana gelen hasar\u0131n rehabilitasyonu \u00e7al\u0131\u015fmalar\u0131 hakk\u0131nda bilgi verildi ve etkilenen t\u00fcm b\u00f6lgelerin yeniden \u015farj edilmesi i\u00e7in \u00e7al\u0131\u015fmalar\u0131n gece g\u00fcnd\u00fcz yo\u011fun bir \u015fekilde devam etti\u011fi bildirildi.<\/p>\n<p style=\"text-align: justify;\">Ba\u015fka ba\u011flamda ise, Bakanlar Kurulu, Tar\u0131m ve Su Kaynaklar\u0131 Bakanl\u0131klar\u0131 aras\u0131nda koordineli olarak her valilikte tar\u0131msal sulama i\u00e7in ilan edilmi\u015f ve \u00e7al\u0131\u015f\u0131lm\u0131\u015f bir program haz\u0131rlanmas\u0131 gere\u011fini vurgulad\u0131.<\/p>\n<p style=\"text-align: justify;\">Kabine, yerel pazar\u0131n her t\u00fcrl\u00fc ila\u00e7 ihtiyac\u0131n\u0131n s\u00fcrekli olarak kar\u015f\u0131lanmas\u0131n\u0131 sa\u011flamak i\u00e7in ila\u00e7 end\u00fcstrisi sekt\u00f6r\u00fcne tam destek sa\u011flama konusundaki vurgusunu yenileyerek ila\u00e7 fiyatlar\u0131n\u0131n herhangi bir \u015fekilde manip\u00fcle edilmesini \u00f6nlemek ve ihlal edenlerden hesap sormak i\u00e7in ilgili makamlardan turlar\u0131 yo\u011funla\u015ft\u0131rmalar\u0131n\u0131 istedi.<\/p>\n<p style=\"text-align: justify;\">\u00d6te yandan Kabine, Merkezi G\u00f6zetim ve Tefti\u015f Kurumu ile Mali Kontrol Merkezi Te\u015fkilat\u0131n\u0131n her birindeki i\u015f\u00e7iler i\u00e7in ayl\u0131k tefti\u015f tazminat\u0131n\u0131n miktar\u0131n\u0131 de\u011fi\u015ftiren iki yasa tasar\u0131s\u0131n\u0131 tart\u0131\u015ft\u0131 ve bunlar\u0131n yay\u0131nlanmas\u0131 i\u00e7in prosed\u00fcrleri tamamlamay\u0131 kabul etti.<\/p>\n<p style=\"text-align: justify;\">Kabine ayr\u0131ca, bakanl\u0131klarda idari kalk\u0131nma m\u00fcd\u00fcrl\u00fcklerinde daire ba\u015fkan\u0131 se\u00e7imine ili\u015fkin \u00f6l\u00e7\u00fct ve esaslar\u0131 onaylayarak, engelli atama ve s\u00f6zle\u015fmelerini d\u00fczenleyen karar\u0131 incelemenin yan\u0131s\u0131ra \u00a0birka\u00e7 ilde bir dizi \u00f6ncelikli hizmet ve kalk\u0131nma projesini de onaylad\u0131.<\/p>\n<p style=\"text-align: justify;\">P.M.<\/p>\n","protected":false},"excerpt":{"rendered":"<p>\u015eAM \u2013 Bakanlar Kurulu, bug\u00fcn Ba\u015fbakan H\u00fcseyin Arnus ba\u015fkanl\u0131\u011f\u0131ndaki haftal\u0131k oturumunda, son d\u00f6nemde Lazkiye \u0130li&#8217;nde meydana gelen iklim ko\u015fullar\u0131 sonucunda hizmet, tar\u0131m ve kalk\u0131nma sekt\u00f6rleri ile \u00f6zel m\u00fclklerde meydana gelen t\u00fcm zararlar\u0131n say\u0131lmas\u0131 i\u00e7in ilgili bakanl\u0131klar\u0131 g\u00f6revlendirdi. Kabine, etkilenen t\u00fcm b\u00f6lgelere m\u00fcmk\u00fcn olan en k\u0131sa s\u00fcrede tam hizmetleri yeniden sa\u011flamak ve etkilenenleri tazmin etmek i\u00e7in &hellip;<\/p>\n","protected":false},"author":1,"featured_media":0,"comment_status":"closed","ping_status":"closed","sticky":false,"template":"","format":"standard","meta":{"footnotes":""},"categories":[479,17988,478],"tags":[],"class_list":["post-258005","post","type-post","status-publish","format-standard","","category-haberler-yerel","category-son-haberler","category-yerel"],"_links":{"self":[{"href":"https:\/\/archive.sana.sy\/tr\/index.php?rest_route=\/wp\/v2\/posts\/258005","targetHints":{"allow":["GET"]}}],"collection":[{"href":"https:\/\/archive.sana.sy\/tr\/index.php?rest_route=\/wp\/v2\/posts"}],"about":[{"href":"https:\/\/archive.sana.sy\/tr\/index.php?rest_route=\/wp\/v2\/types\/post"}],"author":[{"embeddable":true,"href":"https:\/\/archive.sana.sy\/tr\/index.php?rest_route=\/wp\/v2\/users\/1"}],"replies":[{"embeddable":true,"href":"https:\/\/archive.sana.sy\/tr\/index.php?rest_route=%2Fwp%2Fv2%2Fcomments&post=258005"}],"version-history":[{"count":0,"href":"https:\/\/archive.sana.sy\/tr\/index.php?rest_route=\/wp\/v2\/posts\/258005\/revisions"}],"wp:attachment":[{"href":"https:\/\/archive.sana.sy\/tr\/index.php?rest_route=%2Fwp%2Fv2%2Fmedia&parent=258005"}],"wp:term":[{"taxonomy":"category","embeddable":true,"href":"https:\/\/archive.sana.sy\/tr\/index.php?rest_route=%2Fwp%2Fv2%2Fcategories&post=258005"},{"taxonomy":"post_tag","embeddable":true,"href":"https:\/\/archive.sana.sy\/tr\/index.php?rest_route=%2Fwp%2Fv2%2Ftags&post=258005"}],"curies":[{"name":"wp","href":"https:\/\/api.w.org\/{rel}","templated":true}]}}