{"id":258189,"date":"2022-07-01T13:01:38","date_gmt":"2022-07-01T10:01:38","guid":{"rendered":"http:\/\/107.6.182.27\/tr\/?p=258189"},"modified":"2022-07-02T10:42:37","modified_gmt":"2022-07-02T07:42:37","slug":"ukraynadaki-rusya-ozel-askeri-operasyonunun-gelismeleri-26","status":"publish","type":"post","link":"https:\/\/archive.sana.sy\/tr\/?p=258189","title":{"rendered":"Ukrayna\u2019daki Rusya \u00d6zel Askeri Operasyonunun Geli\u015fmeleri"},"content":{"rendered":"<ul>\n<li>Lugansk: Ukrayna kuvvetleri son 24 saatte a\u011f\u0131r kay\u0131plar verdi<\/li>\n<li>Rusya Savunma Bakanl\u0131\u011f\u0131: Kharkov b\u00f6lgesindeki Parvenkovo \u200b\u200b\u200b\u200bve Korolka&#8217;da iki Ukraynal\u0131 Su-25 sava\u015f\u00e7\u0131s\u0131 vuruldu<\/li>\n<\/ul>\n<p><a class=\"oajrlxb2 g5ia77u1 qu0x051f esr5mh6w e9989ue4 r7d6kgcz rq0escxv nhd2j8a9 nc684nl6 p7hjln8o kvgmc6g5 cxmmr5t8 oygrvhab hcukyx3x jb3vyjys rz4wbd8a qt6c0cv9 a8nywdso i1ao9s8h esuyzwwr f1sip0of lzcic4wl gpro0wi8 q66pz984 b1v8xokw\" tabindex=\"0\" role=\"link\" href=\"https:\/\/www.facebook.com\/hashtag\/telegram_kanal%C4%B1m%C4%B1z?__eep__=6&amp;__cft__[0]=AZXAESo-dpxvidMJzfcZtZbIxIdGkc7PISp178dUK_C5O-0nZPdcOnkbhZOIlXUhxYq1FMW4VCtqFnBb-7RCIk_liocSxkZ_sI-kzSIwX0nqtP_ivy-kx9Na83Xj9NKA5LF_KEzKobHdoUtBDia7vTFc2NnTh-wK2mikUuRqip7OlA&amp;__tn__=*NK-R\">#Telegram_Kanal\u0131m\u0131z<\/a>:\u00a0<a class=\"oajrlxb2 g5ia77u1 qu0x051f esr5mh6w e9989ue4 r7d6kgcz rq0escxv nhd2j8a9 nc684nl6 p7hjln8o kvgmc6g5 cxmmr5t8 oygrvhab hcukyx3x jb3vyjys rz4wbd8a qt6c0cv9 a8nywdso i1ao9s8h esuyzwwr f1sip0of lzcic4wl gpro0wi8 py34i1dx\" tabindex=\"0\" role=\"link\" href=\"https:\/\/l.facebook.com\/l.php?u=https%3A%2F%2Ft.me%2FSuriyeArapHaberAjans%3Ffbclid%3DIwAR0F-L89nWRt6tM_fEX5Nmip1VckB_F8eNcdsEmCuuECBIB2_mzvQk_DnRM&amp;h=AT2k8bKrGOg2cIxBpIl4vD8TF8AhPy-n2NgzuXKatbvdyPYrEHPfz4cLLg1m0QiaPaqvF97MCupYrlL447uVV6tr-Bo6_0KQ7BBrN60YcYxy0_DDeYfEA59Vl32mpRBjIdo&amp;__tn__=-UK-R&amp;c[0]=AT2m2XF72ou2k_GzPhPG27mCS-4cx6imFeTjFydLwA3DHUH1a58cU7p4yAC79BNqu6F9qFlG6xavU4vEy88PfUkLHK6OhNZQFiojp_gJ3AwnfKfZvDAeyLQZr7D9OiZcH-SDdJZr2R5TSKcqF9oZXM-OqeHbvIfeJqCuysIHP4yBaD3i-OwiYZ8eF-WNV9nKacbSXbuf\" target=\"_blank\" rel=\"nofollow noopener\">https:\/\/t.me\/SuriyeArapHaberAjans<\/a><\/p>\n","protected":false},"excerpt":{"rendered":"<p>Lugansk: Ukrayna kuvvetleri son 24 saatte a\u011f\u0131r kay\u0131plar verdi Rusya Savunma Bakanl\u0131\u011f\u0131: Kharkov b\u00f6lgesindeki Parvenkovo \u200b\u200b\u200b\u200bve Korolka&#8217;da iki Ukraynal\u0131 Su-25 sava\u015f\u00e7\u0131s\u0131 vuruldu #Telegram_Kanal\u0131m\u0131z:\u00a0https:\/\/t.me\/SuriyeArapHaberAjans<\/p>\n","protected":false},"author":36,"featured_media":258190,"comment_status":"closed","ping_status":"closed","sticky":false,"template":"","format":"standard","meta":{"footnotes":""},"categories":[458,459,17988],"tags":[],"class_list":["post-258189","post","type-post","status-publish","format-standard","has-post-thumbnail","","category-dunya1","category-haberler-arap-uluslararasi-politika","category-son-haberler"],"_links":{"self":[{"href":"https:\/\/archive.sana.sy\/tr\/index.php?rest_route=\/wp\/v2\/posts\/258189","targetHints":{"allow":["GET"]}}],"collection":[{"href":"https:\/\/archive.sana.sy\/tr\/index.php?rest_route=\/wp\/v2\/posts"}],"about":[{"href":"https:\/\/archive.sana.sy\/tr\/index.php?rest_route=\/wp\/v2\/types\/post"}],"author":[{"embeddable":true,"href":"https:\/\/archive.sana.sy\/tr\/index.php?rest_route=\/wp\/v2\/users\/36"}],"replies":[{"embeddable":true,"href":"https:\/\/archive.sana.sy\/tr\/index.php?rest_route=%2Fwp%2Fv2%2Fcomments&post=258189"}],"version-history":[{"count":0,"href":"https:\/\/archive.sana.sy\/tr\/index.php?rest_route=\/wp\/v2\/posts\/258189\/revisions"}],"wp:featuredmedia":[{"embeddable":true,"href":"https:\/\/archive.sana.sy\/tr\/index.php?rest_route=\/wp\/v2\/media\/258190"}],"wp:attachment":[{"href":"https:\/\/archive.sana.sy\/tr\/index.php?rest_route=%2Fwp%2Fv2%2Fmedia&parent=258189"}],"wp:term":[{"taxonomy":"category","embeddable":true,"href":"https:\/\/archive.sana.sy\/tr\/index.php?rest_route=%2Fwp%2Fv2%2Fcategories&post=258189"},{"taxonomy":"post_tag","embeddable":true,"href":"https:\/\/archive.sana.sy\/tr\/index.php?rest_route=%2Fwp%2Fv2%2Ftags&post=258189"}],"curies":[{"name":"wp","href":"https:\/\/api.w.org\/{rel}","templated":true}]}}