{"id":258195,"date":"2022-07-01T23:55:25","date_gmt":"2022-07-01T20:55:25","guid":{"rendered":"http:\/\/107.6.182.27\/tr\/?p=258195"},"modified":"2022-07-02T10:43:14","modified_gmt":"2022-07-02T07:43:14","slug":"teror-orgutlerinin-eylemlerinden-kacmak-icin-idlibdeki-gerilimi-azaltma-bolgelerinden-halepe-sivil-gocu","status":"publish","type":"post","link":"https:\/\/archive.sana.sy\/tr\/?p=258195","title":{"rendered":"Ter\u00f6r \u00d6rg\u00fctlerinin Eylemlerinden Ka\u00e7mak \u0130\u00e7in&#8230; \u0130dlib&#8217;deki Gerilimi Azaltma B\u00f6lgelerinden Halep&#8217;e Sivil G\u00f6\u00e7\u00fc"},"content":{"rendered":"<p style=\"text-align: justify;\">HALEP &#8211; \u0130dlib&#8217;deki gerilimi azaltma b\u00f6lgelerinin biti\u015fi\u011findeki insani koridorlar, hafif e\u015fyalar\u0131n\u0131 ve mal belgelerini yanlar\u0131nda ta\u015f\u0131yan \u00e7o\u011fu \u00e7ocuk ve kad\u0131n onlarca sivilin Halep \u015fehrine do\u011fru yer de\u011fi\u015ftirmesine tan\u0131k oluyor.<\/p>\n<p style=\"text-align: justify;\">Baz\u0131 aileler, SANA muhabirine kendi kontrol alanlar\u0131nda ter\u00f6ristlerin sivillere kar\u015f\u0131 i\u015fledikleri vah\u015fet ve su\u00e7lar\u0131 anlatt\u0131.<\/p>\n<p style=\"text-align: justify;\">Kad\u0131nlardan biri: Ter\u00f6ristlerin kontrol\u00fcnde olan b\u00f6lgelerde durum \u00e7ok k\u00f6t\u00fc, bizim bar\u0131\u015f i\u00e7inde ya\u015famam\u0131za izin vermiyorlar, yalan beyanlarla param\u0131z\u0131, evlerimizi \u00e7al\u0131yorlar, kim itiraz ederse, her an hapse at\u0131l\u0131r veya \u00f6ld\u00fcr\u00fcl\u00fcr, dedi.<\/p>\n<p style=\"text-align: justify;\">Ba\u015fka bir kad\u0131n, \u201cSivillerin \u00e7o\u011fu, ev ve i\u015f bulabilecekleri ve \u00e7ocuklar\u0131n\u0131 okula g\u00f6nderebilecekleri Halep&#8217;e ta\u015f\u0131nmak istiyor.<\/p>\n<p style=\"text-align: justify;\">Bir di\u011feri ise, &#8220;Bu konudaki en tehlikeli \u015fey, ter\u00f6ristlerin bize insan de\u011filmi\u015fiz gibi davranmalar\u0131. \u00c7ocuklar\u0131m\u0131z\u0131 ka\u00e7\u0131r\u0131p, geri d\u00f6nmeleri i\u00e7in bizden fidye talep ediyorlar. Eskiden kamplarda ya\u015f\u0131yorduk ve oradayd\u0131k. D\u00f6v\u00fcld\u00fck, i\u015fkence g\u00f6rd\u00fck ve a\u015fa\u011f\u0131land\u0131k&#8221; dedi.<\/p>\n<p style=\"text-align: justify;\">Yerinden edilmi\u015f kad\u0131nlar, T\u00fcrk ve Amerikal\u0131 i\u015fgalciler ve ter\u00f6ristler her \u015feyi ya\u011fmalad\u0131klar\u0131 i\u00e7in Suriye Arap Ordusu&#8217;nun kontrol\u00fcn\u00fc t\u00fcm \u0130dlib valili\u011fi \u00fczerinde geni\u015fletmesini umut ettiklerini dile getirdiler.<\/p>\n<p style=\"text-align: justify;\">Ayr\u0131ca Halep Valili\u011fi, yerinden edilenlere bar\u0131nma ve yiyecek sa\u011flama ve t\u00fcm sorunlar\u0131na \u00e7\u00f6z\u00fcm bulma s\u00f6z\u00fc verdi.<\/p>\n<p style=\"text-align: justify;\">Suriye h\u00fck\u00fcmeti, dost \u00fclkeler Rusya, \u0130ran, \u00c7in ve di\u011fer dost \u00fclkelerle i\u015fbirli\u011fi i\u00e7inde \u00fclkenin altyap\u0131s\u0131n\u0131 restore etmeye \u00e7al\u0131\u015f\u0131yor.<\/p>\n","protected":false},"excerpt":{"rendered":"<p>HALEP &#8211; \u0130dlib&#8217;deki gerilimi azaltma b\u00f6lgelerinin biti\u015fi\u011findeki insani koridorlar, hafif e\u015fyalar\u0131n\u0131 ve mal belgelerini yanlar\u0131nda ta\u015f\u0131yan \u00e7o\u011fu \u00e7ocuk ve kad\u0131n onlarca sivilin Halep \u015fehrine do\u011fru yer de\u011fi\u015ftirmesine tan\u0131k oluyor. Baz\u0131 aileler, SANA muhabirine kendi kontrol alanlar\u0131nda ter\u00f6ristlerin sivillere kar\u015f\u0131 i\u015fledikleri vah\u015fet ve su\u00e7lar\u0131 anlatt\u0131. Kad\u0131nlardan biri: Ter\u00f6ristlerin kontrol\u00fcnde olan b\u00f6lgelerde durum \u00e7ok k\u00f6t\u00fc, bizim bar\u0131\u015f &hellip;<\/p>\n","protected":false},"author":1,"featured_media":0,"comment_status":"closed","ping_status":"closed","sticky":false,"template":"","format":"standard","meta":{"footnotes":""},"categories":[479,575,17988,478],"tags":[],"class_list":["post-258195","post","type-post","status-publish","format-standard","","category-haberler-yerel","category-olaylar-ve-gercekler","category-son-haberler","category-yerel"],"_links":{"self":[{"href":"https:\/\/archive.sana.sy\/tr\/index.php?rest_route=\/wp\/v2\/posts\/258195","targetHints":{"allow":["GET"]}}],"collection":[{"href":"https:\/\/archive.sana.sy\/tr\/index.php?rest_route=\/wp\/v2\/posts"}],"about":[{"href":"https:\/\/archive.sana.sy\/tr\/index.php?rest_route=\/wp\/v2\/types\/post"}],"author":[{"embeddable":true,"href":"https:\/\/archive.sana.sy\/tr\/index.php?rest_route=\/wp\/v2\/users\/1"}],"replies":[{"embeddable":true,"href":"https:\/\/archive.sana.sy\/tr\/index.php?rest_route=%2Fwp%2Fv2%2Fcomments&post=258195"}],"version-history":[{"count":0,"href":"https:\/\/archive.sana.sy\/tr\/index.php?rest_route=\/wp\/v2\/posts\/258195\/revisions"}],"wp:attachment":[{"href":"https:\/\/archive.sana.sy\/tr\/index.php?rest_route=%2Fwp%2Fv2%2Fmedia&parent=258195"}],"wp:term":[{"taxonomy":"category","embeddable":true,"href":"https:\/\/archive.sana.sy\/tr\/index.php?rest_route=%2Fwp%2Fv2%2Fcategories&post=258195"},{"taxonomy":"post_tag","embeddable":true,"href":"https:\/\/archive.sana.sy\/tr\/index.php?rest_route=%2Fwp%2Fv2%2Ftags&post=258195"}],"curies":[{"name":"wp","href":"https:\/\/api.w.org\/{rel}","templated":true}]}}